{"id":15062,"date":"2025-02-03T17:18:52","date_gmt":"2025-02-03T14:18:52","guid":{"rendered":"https:\/\/www.egemtv.com\/?p=15062"},"modified":"2025-02-03T17:18:58","modified_gmt":"2025-02-03T14:18:58","slug":"cem-karaca-denizlide-sarkilariyla-anilacak","status":"publish","type":"post","link":"https:\/\/www.egemtv.com\/?p=15062","title":{"rendered":"Cem Karaca Denizli\u2019de \u015fark\u0131lar\u0131yla an\u0131lacak"},"content":{"rendered":"<p>Denizli B\u00fcy\u00fck\u015fehir Belediyesi, Anadolu Rock m\u00fczi\u011fine damgas\u0131n\u0131 vurmu\u015f T\u00fcrk m\u00fczi\u011finin efsane ismi Cem Karaca an\u0131s\u0131na konser d\u00fczenleyecek.<\/p>\n<p>Anadolu Rock\u2019\u0131n g\u00fc\u00e7l\u00fc sesi Cem Karaca\u2019n\u0131n unutulmaz eserlerinin seslendirilece\u011fi konser, sanat\u00e7\u0131n\u0131n sevenleri i\u00e7in duygu dolu anlara sahne olacak. Karaca\u2019n\u0131n solistli\u011fini de yapan m\u00fczisyen G\u00f6ksel Do\u011fan\u00e7ay\u2019\u0131n sahne alaca\u011f\u0131 \u00fccretsiz konser 7 \u015eubat Cuma g\u00fcn\u00fc saat 20.30\u2019da Nihat Zeybekci Kongre ve K\u00fclt\u00fcr Merkezi\u2019nde yap\u0131lacak. \u00dccretsiz olarak ger\u00e7ekle\u015ftirilecek etkinlik i\u00e7in davetiyeler ebilet.denizli.bel.tr adresinden temin edilebilecek. Bu \u00f6zel konsere t\u00fcm vatanda\u015flar\u0131n davetli oldu\u011fu ifade edildi.<br \/><\/p>\n","protected":false},"excerpt":{"rendered":"<p>Denizli B\u00fcy\u00fck\u015fehir Belediyesi, Anadolu Rock m\u00fczi\u011fine damgas\u0131n\u0131 vurmu\u015f T\u00fcrk m\u00fczi\u011finin efsane ismi Cem Karaca an\u0131s\u0131na konser d\u00fczenleyecek. Anadolu Rock\u2019\u0131n g\u00fc\u00e7l\u00fc sesi Cem Karaca\u2019n\u0131n unutulmaz eserlerinin seslendirilece\u011fi konser, sanat\u00e7\u0131n\u0131n sevenleri i\u00e7in duygu dolu anlara sahne olacak. Karaca\u2019n\u0131n solistli\u011fini de yapan m\u00fczisyen G\u00f6ksel Do\u011fan\u00e7ay\u2019\u0131n sahne alaca\u011f\u0131 \u00fccretsiz konser 7 \u015eubat Cuma g\u00fcn\u00fc saat 20.30\u2019da Nihat Zeybekci Kongre&#8230;<\/p>\n","protected":false},"author":1,"featured_media":15063,"comment_status":"open","ping_status":"open","sticky":false,"template":"","format":"standard","meta":{"_crdt_document":"","footnotes":""},"categories":[1],"tags":[],"class_list":["post-15062","post","type-post","status-publish","format-standard","has-post-thumbnail","hentry","category-guncel"],"_links":{"self":[{"href":"https:\/\/www.egemtv.com\/index.php?rest_route=\/wp\/v2\/posts\/15062","targetHints":{"allow":["GET"]}}],"collection":[{"href":"https:\/\/www.egemtv.com\/index.php?rest_route=\/wp\/v2\/posts"}],"about":[{"href":"https:\/\/www.egemtv.com\/index.php?rest_route=\/wp\/v2\/types\/post"}],"author":[{"embeddable":true,"href":"https:\/\/www.egemtv.com\/index.php?rest_route=\/wp\/v2\/users\/1"}],"replies":[{"embeddable":true,"href":"https:\/\/www.egemtv.com\/index.php?rest_route=%2Fwp%2Fv2%2Fcomments&post=15062"}],"version-history":[{"count":1,"href":"https:\/\/www.egemtv.com\/index.php?rest_route=\/wp\/v2\/posts\/15062\/revisions"}],"predecessor-version":[{"id":15064,"href":"https:\/\/www.egemtv.com\/index.php?rest_route=\/wp\/v2\/posts\/15062\/revisions\/15064"}],"wp:featuredmedia":[{"embeddable":true,"href":"https:\/\/www.egemtv.com\/index.php?rest_route=\/wp\/v2\/media\/15063"}],"wp:attachment":[{"href":"https:\/\/www.egemtv.com\/index.php?rest_route=%2Fwp%2Fv2%2Fmedia&parent=15062"}],"wp:term":[{"taxonomy":"category","embeddable":true,"href":"https:\/\/www.egemtv.com\/index.php?rest_route=%2Fwp%2Fv2%2Fcategories&post=15062"},{"taxonomy":"post_tag","embeddable":true,"href":"https:\/\/www.egemtv.com\/index.php?rest_route=%2Fwp%2Fv2%2Ftags&post=15062"}],"curies":[{"name":"wp","href":"https:\/\/api.w.org\/{rel}","templated":true}]}}