{"id":15059,"date":"2025-02-03T17:16:40","date_gmt":"2025-02-03T14:16:40","guid":{"rendered":"https:\/\/www.egemtv.com\/?p=15059"},"modified":"2025-02-03T17:16:46","modified_gmt":"2025-02-03T14:16:46","slug":"kocarlida-ureticiler-tarim-sigortalari-hakkinda-bilgilendirildi","status":"publish","type":"post","link":"https:\/\/www.egemtv.com\/?p=15059","title":{"rendered":"Ko\u00e7arl\u0131\u2019da \u00fcreticiler tar\u0131m sigortalar\u0131 hakk\u0131nda bilgilendirildi"},"content":{"rendered":"<p>Ayd\u0131n\u2019\u0131n Ko\u00e7arl\u0131\u2019da il\u00e7elerindeki \u00fcreticilere Tar\u0131m Sigortalar\u0131 Havuzu\u2019nun (TARS\u0130M) \u00f6nemi anlat\u0131larak bilgilendirildi.<\/p>\n<p>T\u00fcrkiye\u2019nin \u00f6nemli tar\u0131m kentlerinden olan Ayd\u0131n\u2019da, \u0130l Tar\u0131m ve Orman M\u00fcd\u00fcrl\u00fc\u011f\u00fc koordinesinde \u00fcreticilere y\u00f6nelik bilgilendirme \u00e7al\u0131\u015fmalar\u0131 devam ediyor. Bu \u00e7er\u00e7evede Ko\u00e7arl\u0131 il\u00e7esini ziyaret eden Ayd\u0131n \u0130l Tar\u0131m ve Orman M\u00fcd\u00fcrl\u00fc\u011f\u00fc ekipleri \u00fcreticiler ile bir araya geldi. TARS\u0130M B\u00f6lge M\u00fcd\u00fcrl\u00fc\u011f\u00fc\u2019nde g\u00f6revli Ahmet Sandal\u2019\u0131n tar\u0131m sigortalar\u0131 ile ilgili sunumu ile ba\u015flayan toplant\u0131 kar\u015f\u0131l\u0131kl\u0131 soru cevap \u015feklinde devam etti. Toplant\u0131ya; Koordinasyon ve Tar\u0131msal Veriler \u015eube M\u00fcd\u00fcr\u00fc Adem Kaplan, Ko\u00e7arl\u0131 \u0130l\u00e7e M\u00fcd\u00fcr\u00fc Mehmet \u00d6rnek, il ve il\u00e7e m\u00fcd\u00fcrl\u00fck yetkilileri, teknik personel, muhtarlar ve \u00fcreticiler kat\u0131ld\u0131.<br \/><\/p>\n","protected":false},"excerpt":{"rendered":"<p>Ayd\u0131n\u2019\u0131n Ko\u00e7arl\u0131\u2019da il\u00e7elerindeki \u00fcreticilere Tar\u0131m Sigortalar\u0131 Havuzu\u2019nun (TARS\u0130M) \u00f6nemi anlat\u0131larak bilgilendirildi. T\u00fcrkiye\u2019nin \u00f6nemli tar\u0131m kentlerinden olan Ayd\u0131n\u2019da, \u0130l Tar\u0131m ve Orman M\u00fcd\u00fcrl\u00fc\u011f\u00fc koordinesinde \u00fcreticilere y\u00f6nelik bilgilendirme \u00e7al\u0131\u015fmalar\u0131 devam ediyor. Bu \u00e7er\u00e7evede Ko\u00e7arl\u0131 il\u00e7esini ziyaret eden Ayd\u0131n \u0130l Tar\u0131m ve Orman M\u00fcd\u00fcrl\u00fc\u011f\u00fc ekipleri \u00fcreticiler ile bir araya geldi. TARS\u0130M B\u00f6lge M\u00fcd\u00fcrl\u00fc\u011f\u00fc\u2019nde g\u00f6revli Ahmet Sandal\u2019\u0131n tar\u0131m sigortalar\u0131&#8230;<\/p>\n","protected":false},"author":1,"featured_media":15060,"comment_status":"open","ping_status":"open","sticky":false,"template":"","format":"standard","meta":{"_crdt_document":"","footnotes":""},"categories":[1],"tags":[],"class_list":["post-15059","post","type-post","status-publish","format-standard","has-post-thumbnail","hentry","category-guncel"],"_links":{"self":[{"href":"https:\/\/www.egemtv.com\/index.php?rest_route=\/wp\/v2\/posts\/15059","targetHints":{"allow":["GET"]}}],"collection":[{"href":"https:\/\/www.egemtv.com\/index.php?rest_route=\/wp\/v2\/posts"}],"about":[{"href":"https:\/\/www.egemtv.com\/index.php?rest_route=\/wp\/v2\/types\/post"}],"author":[{"embeddable":true,"href":"https:\/\/www.egemtv.com\/index.php?rest_route=\/wp\/v2\/users\/1"}],"replies":[{"embeddable":true,"href":"https:\/\/www.egemtv.com\/index.php?rest_route=%2Fwp%2Fv2%2Fcomments&post=15059"}],"version-history":[{"count":1,"href":"https:\/\/www.egemtv.com\/index.php?rest_route=\/wp\/v2\/posts\/15059\/revisions"}],"predecessor-version":[{"id":15061,"href":"https:\/\/www.egemtv.com\/index.php?rest_route=\/wp\/v2\/posts\/15059\/revisions\/15061"}],"wp:featuredmedia":[{"embeddable":true,"href":"https:\/\/www.egemtv.com\/index.php?rest_route=\/wp\/v2\/media\/15060"}],"wp:attachment":[{"href":"https:\/\/www.egemtv.com\/index.php?rest_route=%2Fwp%2Fv2%2Fmedia&parent=15059"}],"wp:term":[{"taxonomy":"category","embeddable":true,"href":"https:\/\/www.egemtv.com\/index.php?rest_route=%2Fwp%2Fv2%2Fcategories&post=15059"},{"taxonomy":"post_tag","embeddable":true,"href":"https:\/\/www.egemtv.com\/index.php?rest_route=%2Fwp%2Fv2%2Ftags&post=15059"}],"curies":[{"name":"wp","href":"https:\/\/api.w.org\/{rel}","templated":true}]}}