{"id":15056,"date":"2025-02-03T17:13:58","date_gmt":"2025-02-03T14:13:58","guid":{"rendered":"https:\/\/www.egemtv.com\/?p=15056"},"modified":"2025-02-03T17:14:04","modified_gmt":"2025-02-03T14:14:04","slug":"cati-yangini-itfaiyeyi-seferber-etti","status":"publish","type":"post","link":"https:\/\/www.egemtv.com\/?p=15056","title":{"rendered":"\u00c7at\u0131 yang\u0131n\u0131 itfaiyeyi seferber etti"},"content":{"rendered":"<p>Mu\u011fla\u2019n\u0131n Mente\u015fe il\u00e7esinde bir apartman\u0131n \u00e7at\u0131 kat\u0131ndan \u00e7\u0131kan dumanlar itfaiye ekiplerini seferber etti.<br \/>\n<br \/>Mu\u011fla\u2019n\u0131n Mente\u015fe il\u00e7esi Kur\u015funlu \u00c7\u0131kmaz\u0131\u2019nda bulunan bir apartman\u0131n \u00e7at\u0131 kat\u0131nda \u00e7\u0131k\u0131\u015f nedeni hen\u00fcz tespit edilemeyen yang\u0131n \u00e7\u0131kt\u0131. Dumanlar\u0131n y\u00fckseldi\u011fini g\u00f6ren vatanda\u015flar 112 Acil \u00c7a\u011fr\u0131 Merkezine bilgi verdi. \u0130hbar \u00fczerine olay yerine Mu\u011fla B\u00fcy\u00fck\u015fehir Belediyesi itfaiye, 112 ambulans, polis ve do\u011falgaz firmas\u0131 sevk edildi.<br \/>\n<br \/>Dumanlara \u0131zl\u0131 m\u00fcdahale<br \/>\n<br \/>\u0130tfaiye ekipleri, iki yang\u0131n s\u00f6nd\u00fcrme arac\u0131 ve bir acil m\u00fcdahale arac\u0131yla k\u0131sa s\u00fcrede dumanlar\u0131n \u00e7\u0131kt\u0131\u011f\u0131 \u00e7at\u0131 kat\u0131na ula\u015ft\u0131. \u0130tfaiye ekipleri gaz me\u015fklerini takarak \u00e7at\u0131 kata ula\u015farak k\u0131sa s\u00fcrede \u00e7\u0131kan dumanlar\u0131 etkisiz hale getirdi. \u0130tfaiye ekipleri duman nedeniyle apartmanda ya\u015fayan vatanda\u015flar tedbir ama\u00e7l\u0131 tahliye etti.<br \/>\n<br \/>Yang\u0131n\u0131n nedeni ara\u015ft\u0131r\u0131l\u0131yor<br \/>\n<br \/>Yang\u0131n\u0131n \u00e7\u0131k\u0131\u015f sebebi hen\u00fcz belirlenemezken, olayla ilgili inceleme ba\u015flat\u0131ld\u0131. Yetkililer, yang\u0131n\u0131n nedeninin detayl\u0131 ara\u015ft\u0131rma sonucunda netlik kazanaca\u011f\u0131n\u0131 belirtti.<br \/><\/p>\n","protected":false},"excerpt":{"rendered":"<p>Mu\u011fla\u2019n\u0131n Mente\u015fe il\u00e7esinde bir apartman\u0131n \u00e7at\u0131 kat\u0131ndan \u00e7\u0131kan dumanlar itfaiye ekiplerini seferber etti. Mu\u011fla\u2019n\u0131n Mente\u015fe il\u00e7esi Kur\u015funlu \u00c7\u0131kmaz\u0131\u2019nda bulunan bir apartman\u0131n \u00e7at\u0131 kat\u0131nda \u00e7\u0131k\u0131\u015f nedeni hen\u00fcz tespit edilemeyen yang\u0131n \u00e7\u0131kt\u0131. Dumanlar\u0131n y\u00fckseldi\u011fini g\u00f6ren vatanda\u015flar 112 Acil \u00c7a\u011fr\u0131 Merkezine bilgi verdi. \u0130hbar \u00fczerine olay yerine Mu\u011fla B\u00fcy\u00fck\u015fehir Belediyesi itfaiye, 112 ambulans, polis ve do\u011falgaz firmas\u0131 sevk&#8230;<\/p>\n","protected":false},"author":1,"featured_media":15057,"comment_status":"open","ping_status":"open","sticky":false,"template":"","format":"standard","meta":{"_crdt_document":"","footnotes":""},"categories":[5],"tags":[],"class_list":["post-15056","post","type-post","status-publish","format-standard","has-post-thumbnail","hentry","category-asayis"],"_links":{"self":[{"href":"https:\/\/www.egemtv.com\/index.php?rest_route=\/wp\/v2\/posts\/15056","targetHints":{"allow":["GET"]}}],"collection":[{"href":"https:\/\/www.egemtv.com\/index.php?rest_route=\/wp\/v2\/posts"}],"about":[{"href":"https:\/\/www.egemtv.com\/index.php?rest_route=\/wp\/v2\/types\/post"}],"author":[{"embeddable":true,"href":"https:\/\/www.egemtv.com\/index.php?rest_route=\/wp\/v2\/users\/1"}],"replies":[{"embeddable":true,"href":"https:\/\/www.egemtv.com\/index.php?rest_route=%2Fwp%2Fv2%2Fcomments&post=15056"}],"version-history":[{"count":1,"href":"https:\/\/www.egemtv.com\/index.php?rest_route=\/wp\/v2\/posts\/15056\/revisions"}],"predecessor-version":[{"id":15058,"href":"https:\/\/www.egemtv.com\/index.php?rest_route=\/wp\/v2\/posts\/15056\/revisions\/15058"}],"wp:featuredmedia":[{"embeddable":true,"href":"https:\/\/www.egemtv.com\/index.php?rest_route=\/wp\/v2\/media\/15057"}],"wp:attachment":[{"href":"https:\/\/www.egemtv.com\/index.php?rest_route=%2Fwp%2Fv2%2Fmedia&parent=15056"}],"wp:term":[{"taxonomy":"category","embeddable":true,"href":"https:\/\/www.egemtv.com\/index.php?rest_route=%2Fwp%2Fv2%2Fcategories&post=15056"},{"taxonomy":"post_tag","embeddable":true,"href":"https:\/\/www.egemtv.com\/index.php?rest_route=%2Fwp%2Fv2%2Ftags&post=15056"}],"curies":[{"name":"wp","href":"https:\/\/api.w.org\/{rel}","templated":true}]}}