{"id":15053,"date":"2025-02-03T17:09:35","date_gmt":"2025-02-03T14:09:35","guid":{"rendered":"https:\/\/www.egemtv.com\/?p=15053"},"modified":"2025-02-03T17:09:39","modified_gmt":"2025-02-03T14:09:39","slug":"ataturkun-aydina-gelisi-torenle-kutlandi","status":"publish","type":"post","link":"https:\/\/www.egemtv.com\/?p=15053","title":{"rendered":"Atat\u00fcrk\u2019\u00fcn Ayd\u0131n\u2019a geli\u015fi t\u00f6renle kutland\u0131"},"content":{"rendered":"<p>T\u00fcrkiye Cumhuriyeti\u2019nin kurucusu Gazi Mustafa Kemal Atat\u00fcrk\u2019\u00fcn 3 \u015eubat 1931\u2019de Ayd\u0131n\u2019a geli\u015finin 94\u2019\u00fcnc\u00fc y\u0131l d\u00f6n\u00fcm\u00fc t\u00f6renle kutland\u0131.<br \/>\n<br \/>Gazi Mustafa Kemal Atat\u00fcrk\u2019\u00fcn Ayd\u0131n\u2019a geli\u015finin 94. y\u0131l d\u00f6n\u00fcm\u00fc Ayd\u0131n Valili\u011fi \u00f6nc\u00fcl\u00fc\u011f\u00fcnde d\u00fczenlenen t\u00f6renle kutland\u0131. Valilik \u00f6n\u00fcndeki Atat\u00fcrk An\u0131t\u0131\u2019na \u00e7elenklerin sunulmas\u0131 ile ba\u015flayan t\u00f6rende sayg\u0131 duru\u015fu ve \u0130stiklal Mar\u015f\u0131\u2019n\u0131n okunmas\u0131n\u0131n ard\u0131ndan Adnan Menderes \u00dcniversitesi \u00d6\u011fretim \u00dcyesi Ayten Can, g\u00fcn\u00fcn anlam ve \u00f6nemine dair konu\u015fma ger\u00e7ekle\u015ftirdi. Ayd\u0131n\u2019a farkl\u0131 tarihlerde 4 kez ziyarette bulunan Atat\u00fcrk i\u00e7in Ayd\u0131n Valili\u011fi \u00f6n\u00fcnde d\u00fczenlenen t\u00f6ren Ayd\u0131n Tren Gar\u0131\u2019nda devam etti. Atat\u00fcrk\u2019\u00fcn Ayd\u0131n\u2019a geli\u015finin simgesi olarak s\u00fcslenen tren, Ayd\u0131n Tren Gar\u0131\u2019na yana\u015ft\u0131. Trenin i\u00e7inden inen Ayd\u0131n\u2019\u0131n y\u00f6resel k\u0131yafetlerini giymi\u015f \u00f6\u011frenciler, Ayd\u0131n Valisi Yakup Canbolat\u2019a sevgi bayra\u011f\u0131 ve \u00e7i\u00e7ek takdim etti. Daha sonra halk oyunlar\u0131 ekibi taraf\u0131ndan folklor g\u00f6sterisi sergilendi.<br \/>\n<br \/>\u00c7elenk sunma t\u00f6reninde konu\u015fan Ayd\u0131n B\u00fcy\u00fck\u015fehir Belediye Ba\u015fkan Vekili Polat Bora Mersin, &#8220;Ulu \u00f6nderimiz Gazi Mustafa Kemal Atat\u00fcrk\u2019\u00fcn efeler diyar\u0131 Ayd\u0131n\u2019\u0131m\u0131za geli\u015finin y\u0131l d\u00f6n\u00fcm\u00fcn\u00fc kutlaman\u0131n onur ve gururunu ya\u015f\u0131yoruz. Ba\u015fkomutan\u0131m\u0131z, Milli M\u00fccadele\u2019nin ilk direni\u015finin ba\u015flat\u0131ld\u0131\u011f\u0131 kentimizi 94 y\u0131l \u00f6nce bug\u00fcn ziyaret ederek onurland\u0131rm\u0131\u015ft\u0131r. \u00c7ete Ay\u015fe\u2019nin, Demirci Mehmet Efe\u2019nin, Y\u00f6r\u00fck Ali Efe\u2019nin ve daha bir \u00e7ok \u00f6l\u00fcms\u00fcz kahraman\u0131n Milli M\u00fccadele\u2019de yazd\u0131\u011f\u0131 kahramanl\u0131k destanlar\u0131n\u0131n kentidir Ayd\u0131n&#8221; dedi.<br \/>\n<br \/>Atat\u00fcrk\u2019\u00fcn Ayd\u0131n\u2019daki konu\u015fmalar\u0131nda belirtti\u011fi dilek ve temennilerin \u0131\u015f\u0131\u011f\u0131nda g\u00fc\u00e7l\u00fc T\u00fcrkiye\u2019yi in\u015fa etmek i\u00e7in \u00e7aba sarf edilece\u011fini vurgulayan Vali Yakup Canbolat ise, &#8220;B\u00fcy\u00fck \u00d6nder Mustafa Kemal Atat\u00fcrk\u2019\u00fcn Samsun\u2019dan ba\u015flatt\u0131\u011f\u0131 Milli M\u00fccadele\u2019ye var g\u00fcc\u00fcyle milletimiz destek vermi\u015f, neticesinde Atat\u00fcrk\u2019\u00fcn liderli\u011finde Cumhuriyetimiz kurulmu\u015ftur. Kurtulu\u015f Sava\u015f\u0131\u2019n\u0131n kazan\u0131lmas\u0131n\u0131n hemen ard\u0131ndan ve yeni cumhuriyet kurulduktan sonra kurucu \u00f6nderimiz Anadolu\u2019nun ekonomik, siyasi ve k\u00fclt\u00fcrel y\u00f6nden durumunu yerinde inceleyip tespit etmek, Anadolu\u2019daki de\u011fi\u015fimleri, geli\u015fimleri ve ya\u015fanan sorunlar\u0131 ortadan kald\u0131rmak amac\u0131yla bir\u00e7ok il ve il\u00e7eye ziyaretlerde bulunmu\u015ftur. Bundan 94 y\u0131l \u00f6nce Gazi Mustafa Kemal Atat\u00fcrk, Ayd\u0131n\u2019\u0131m\u0131z\u0131 ziyaret etmi\u015f ve \u0130stiklal m\u00fccadelesinde lojistik anlamda her t\u00fcrl\u00fc deste\u011fi sa\u011flayan Ayd\u0131n halk\u0131m\u0131za takdirlerini sunmu\u015ftur. Konu\u015fmalar\u0131nda belirtti\u011fi istek ve temennileri g\u00fc\u00e7l\u00fc bir T\u00fcrkiye\u2019yi in\u015fa etme hedefinin bir ad\u0131m\u0131 olarak hayata ge\u00e7irilmi\u015ftir. Bug\u00fcn i\u00e7in bizim g\u00f6revimiz de T\u00fcrkiye Cumhuriyeti\u2019nin ba\u011f\u0131ms\u0131zl\u0131\u011f\u0131n\u0131, birli\u011fini ve b\u00fct\u00fcnl\u00fc\u011f\u00fcn\u00fc esas almak kayd\u0131yla k\u00fcreselle\u015fme s\u00fcrecini do\u011fru tan\u0131mlay\u0131p, konumumuzu iyi belirleyerek ulusal \u00e7\u0131karlar\u0131m\u0131z\u0131 en \u00fcst d\u00fczeyde korumak, hukukun \u00fcst\u00fcnl\u00fc\u011f\u00fcne ve insan haklar\u0131na dayal\u0131 demokrasimizi daha ileri bir seviyeye ta\u015f\u0131mak, sosyal, k\u00fclt\u00fcrel ve ekonomik y\u00f6nden b\u00f6lgemizde ve d\u00fcnyada geli\u015fmi\u015f \u00fclkeler seviyesini yakalamak olmal\u0131d\u0131r. Bu duygu ve d\u00fc\u015f\u00fcncelerle Ayd\u0131n\u2019\u0131m\u0131za te\u015friflerinin 94. y\u0131l d\u00f6n\u00fcm\u00fcnde Cumhuriyetimizin kurucusu Mustafa Kemal Atat\u00fcrk\u2019e ve onunla ayn\u0131 inan\u00e7 u\u011frunda m\u00fccadele vermi\u015f silah arkada\u015flar\u0131na, aziz \u015fehitlerimize ve kahraman gazilerimize bir kez daha minnet ve \u015f\u00fckranlar\u0131m\u0131 sunuyorum&#8221; ifadelerine yer verdi.<br \/><\/p>\n","protected":false},"excerpt":{"rendered":"<p>T\u00fcrkiye Cumhuriyeti\u2019nin kurucusu Gazi Mustafa Kemal Atat\u00fcrk\u2019\u00fcn 3 \u015eubat 1931\u2019de Ayd\u0131n\u2019a geli\u015finin 94\u2019\u00fcnc\u00fc y\u0131l d\u00f6n\u00fcm\u00fc t\u00f6renle kutland\u0131. Gazi Mustafa Kemal Atat\u00fcrk\u2019\u00fcn Ayd\u0131n\u2019a geli\u015finin 94. y\u0131l d\u00f6n\u00fcm\u00fc Ayd\u0131n Valili\u011fi \u00f6nc\u00fcl\u00fc\u011f\u00fcnde d\u00fczenlenen t\u00f6renle kutland\u0131. Valilik \u00f6n\u00fcndeki Atat\u00fcrk An\u0131t\u0131\u2019na \u00e7elenklerin sunulmas\u0131 ile ba\u015flayan t\u00f6rende sayg\u0131 duru\u015fu ve \u0130stiklal Mar\u015f\u0131\u2019n\u0131n okunmas\u0131n\u0131n ard\u0131ndan Adnan Menderes \u00dcniversitesi \u00d6\u011fretim \u00dcyesi Ayten Can,&#8230;<\/p>\n","protected":false},"author":1,"featured_media":15054,"comment_status":"open","ping_status":"open","sticky":false,"template":"","format":"standard","meta":{"_crdt_document":"","footnotes":""},"categories":[1],"tags":[],"class_list":["post-15053","post","type-post","status-publish","format-standard","has-post-thumbnail","hentry","category-guncel"],"_links":{"self":[{"href":"https:\/\/www.egemtv.com\/index.php?rest_route=\/wp\/v2\/posts\/15053","targetHints":{"allow":["GET"]}}],"collection":[{"href":"https:\/\/www.egemtv.com\/index.php?rest_route=\/wp\/v2\/posts"}],"about":[{"href":"https:\/\/www.egemtv.com\/index.php?rest_route=\/wp\/v2\/types\/post"}],"author":[{"embeddable":true,"href":"https:\/\/www.egemtv.com\/index.php?rest_route=\/wp\/v2\/users\/1"}],"replies":[{"embeddable":true,"href":"https:\/\/www.egemtv.com\/index.php?rest_route=%2Fwp%2Fv2%2Fcomments&post=15053"}],"version-history":[{"count":1,"href":"https:\/\/www.egemtv.com\/index.php?rest_route=\/wp\/v2\/posts\/15053\/revisions"}],"predecessor-version":[{"id":15055,"href":"https:\/\/www.egemtv.com\/index.php?rest_route=\/wp\/v2\/posts\/15053\/revisions\/15055"}],"wp:featuredmedia":[{"embeddable":true,"href":"https:\/\/www.egemtv.com\/index.php?rest_route=\/wp\/v2\/media\/15054"}],"wp:attachment":[{"href":"https:\/\/www.egemtv.com\/index.php?rest_route=%2Fwp%2Fv2%2Fmedia&parent=15053"}],"wp:term":[{"taxonomy":"category","embeddable":true,"href":"https:\/\/www.egemtv.com\/index.php?rest_route=%2Fwp%2Fv2%2Fcategories&post=15053"},{"taxonomy":"post_tag","embeddable":true,"href":"https:\/\/www.egemtv.com\/index.php?rest_route=%2Fwp%2Fv2%2Ftags&post=15053"}],"curies":[{"name":"wp","href":"https:\/\/api.w.org\/{rel}","templated":true}]}}