{"id":15050,"date":"2025-02-03T17:01:51","date_gmt":"2025-02-03T14:01:51","guid":{"rendered":"https:\/\/www.egemtv.com\/?p=15050"},"modified":"2025-02-03T17:01:55","modified_gmt":"2025-02-03T14:01:55","slug":"aydinli-genc-sporcular-turkiye-sampiyonasina-damga-vurgu","status":"publish","type":"post","link":"https:\/\/www.egemtv.com\/?p=15050","title":{"rendered":"Ayd\u0131nl\u0131 gen\u00e7 sporcular T\u00fcrkiye \u015eampiyonas\u0131\u2019na damga vurgu"},"content":{"rendered":"<p>\u0130stanbul\u2019da 30 Ocak-2 \u015eubat 2025 tarihleri aras\u0131nda d\u00fczenlenen U18 Salon T\u00fcrkiye \u015eampiyonas\u0131\u2019nda kazand\u0131klar\u0131 dereceler ile Ayd\u0131nl\u0131 sporcular damga vurdu.<\/p>\n<p>Karde\u015fk\u00f6y Atletizm Pisti\u2019nde gece g\u00fcnd\u00fcz demeden \u00e7al\u0131\u015fan sporcular, azimlerinin kar\u015f\u0131l\u0131\u011f\u0131n\u0131 almaya devam ediyor. Ba\u015far\u0131dan ba\u015far\u0131ya ko\u015fan gen\u00e7 yetenekler gelecekte daha b\u00fcy\u00fck zaferlerin sinyallerini veriyor. Bu kapsamda Ayd\u0131n Gen\u00e7lik ve Spor \u0130l M\u00fcd\u00fcrl\u00fc\u011f\u00fc Sporcu E\u011fitim Merkezi (SEM) sporcular\u0131 Koray Uygun ve \u00d6yk\u00fc Ceylin Tekdal, b\u00fcy\u00fck bir ba\u015far\u0131ya imza atarak T\u00fcrkiye \u015eampiyonu oldu. 60 metre engelli finalinde 7.77\u2019lik derecesiyle rakiplerini geride b\u0131rakan Koray Uygun, \u00fcst \u00fcste 5. kez T\u00fcrkiye \u015eampiyonu olmay\u0131 ba\u015fard\u0131. 5 y\u0131l boyunca zirveyi kimseye b\u0131rakmayan Uygun, Ayd\u0131n\u2019a bir kez daha gurur ya\u015fatt\u0131.<\/p>\n<p>\u00d6yk\u00fc Ceylin Tekdal ise 60 metre engelli yar\u0131\u015f\u0131nda 8.57\u2019lik derecesiyle \u015fampiyon olarak \u00fcst \u00fcste 4. kez T\u00fcrkiye\u2019nin en iyisi oldu. Her ge\u00e7en y\u0131l performans\u0131n\u0131 art\u0131ran gen\u00e7 yetenek, Ayd\u0131n\u2019\u0131n atletizmdeki ba\u015far\u0131s\u0131n\u0131 bir kez daha g\u00f6zler \u00f6n\u00fcne serdi.<\/p>\n<p>\u015eampiyonada m\u00fccadele eden bir di\u011fer Ayd\u0131nl\u0131 atlet Sude Naz Bayar 2008 ve 2009 do\u011fumlu sporcular\u0131n yar\u0131\u015ft\u0131\u011f\u0131 kategoride, kendisinden ya\u015f\u00e7a b\u00fcy\u00fck rakiplerine kar\u015f\u0131 b\u00fcy\u00fck bir ba\u015far\u0131 sergileyerek d\u00f6rd\u00fcnc\u00fc olmay\u0131 ba\u015fard\u0131.<\/p>\n<p>Ayd\u0131n Gen\u00e7lik ve Spor \u0130l M\u00fcd\u00fcrl\u00fc\u011f\u00fc\u2019nden yap\u0131lan a\u00e7\u0131klamada, &#8220;Bize bu b\u00fcy\u00fck gururu ya\u015fatan sporcular\u0131m\u0131z\u0131 ve antren\u00f6rlerini y\u00fcrekten tebrik ediyoruz. Bu ba\u015far\u0131, sadece bug\u00fcn\u00fcn de\u011fil, ayn\u0131 zamanda gelecek nesiller i\u00e7in de b\u00fcy\u00fck bir ilham kayna\u011f\u0131. Minik sporcular\u0131m\u0131za \u00f6rnek olan Koray, Sude Naz ve \u00d6yk\u00fc\u2019n\u00fcn her zaman yanlar\u0131nda olmaya devam edece\u011fiz. Ayr\u0131ca, U20 Balkan \u015eampiyonas\u0131\u2019nda m\u00fccadele edecek sporcular\u0131m\u0131za ba\u015far\u0131lar diliyoruz&#8221; ifadelerine yer verildi.<\/p>\n<p>8 \u015eubat\u2019ta Bulgaristan\u2019\u0131n Sofya kentinde d\u00fczenlenecek U20 Balkan \u015eampiyonas\u0131\u2019nda Ayd\u0131nl\u0131 sporcular Koray Uygun, Talha G\u00fclnihal ve \u00d6yk\u00fc Ceylin Tekdal, kendilerinden b\u00fcy\u00fck sporcularla m\u00fccadele edecekleri U20 kategorisinde yar\u0131\u015facak.<br \/><\/p>\n","protected":false},"excerpt":{"rendered":"<p>\u0130stanbul\u2019da 30 Ocak-2 \u015eubat 2025 tarihleri aras\u0131nda d\u00fczenlenen U18 Salon T\u00fcrkiye \u015eampiyonas\u0131\u2019nda kazand\u0131klar\u0131 dereceler ile Ayd\u0131nl\u0131 sporcular damga vurdu. Karde\u015fk\u00f6y Atletizm Pisti\u2019nde gece g\u00fcnd\u00fcz demeden \u00e7al\u0131\u015fan sporcular, azimlerinin kar\u015f\u0131l\u0131\u011f\u0131n\u0131 almaya devam ediyor. Ba\u015far\u0131dan ba\u015far\u0131ya ko\u015fan gen\u00e7 yetenekler gelecekte daha b\u00fcy\u00fck zaferlerin sinyallerini veriyor. Bu kapsamda Ayd\u0131n Gen\u00e7lik ve Spor \u0130l M\u00fcd\u00fcrl\u00fc\u011f\u00fc Sporcu E\u011fitim Merkezi (SEM)&#8230;<\/p>\n","protected":false},"author":1,"featured_media":15051,"comment_status":"open","ping_status":"open","sticky":false,"template":"","format":"standard","meta":{"_crdt_document":"","footnotes":""},"categories":[4],"tags":[],"class_list":["post-15050","post","type-post","status-publish","format-standard","has-post-thumbnail","hentry","category-spor"],"_links":{"self":[{"href":"https:\/\/www.egemtv.com\/index.php?rest_route=\/wp\/v2\/posts\/15050","targetHints":{"allow":["GET"]}}],"collection":[{"href":"https:\/\/www.egemtv.com\/index.php?rest_route=\/wp\/v2\/posts"}],"about":[{"href":"https:\/\/www.egemtv.com\/index.php?rest_route=\/wp\/v2\/types\/post"}],"author":[{"embeddable":true,"href":"https:\/\/www.egemtv.com\/index.php?rest_route=\/wp\/v2\/users\/1"}],"replies":[{"embeddable":true,"href":"https:\/\/www.egemtv.com\/index.php?rest_route=%2Fwp%2Fv2%2Fcomments&post=15050"}],"version-history":[{"count":1,"href":"https:\/\/www.egemtv.com\/index.php?rest_route=\/wp\/v2\/posts\/15050\/revisions"}],"predecessor-version":[{"id":15052,"href":"https:\/\/www.egemtv.com\/index.php?rest_route=\/wp\/v2\/posts\/15050\/revisions\/15052"}],"wp:featuredmedia":[{"embeddable":true,"href":"https:\/\/www.egemtv.com\/index.php?rest_route=\/wp\/v2\/media\/15051"}],"wp:attachment":[{"href":"https:\/\/www.egemtv.com\/index.php?rest_route=%2Fwp%2Fv2%2Fmedia&parent=15050"}],"wp:term":[{"taxonomy":"category","embeddable":true,"href":"https:\/\/www.egemtv.com\/index.php?rest_route=%2Fwp%2Fv2%2Fcategories&post=15050"},{"taxonomy":"post_tag","embeddable":true,"href":"https:\/\/www.egemtv.com\/index.php?rest_route=%2Fwp%2Fv2%2Ftags&post=15050"}],"curies":[{"name":"wp","href":"https:\/\/api.w.org\/{rel}","templated":true}]}}