{"id":15047,"date":"2025-02-03T16:52:16","date_gmt":"2025-02-03T13:52:16","guid":{"rendered":"https:\/\/www.egemtv.com\/?p=15047"},"modified":"2025-02-03T16:52:21","modified_gmt":"2025-02-03T13:52:21","slug":"devrilen-komur-yuklu-tirin-surucusu-yaralandi","status":"publish","type":"post","link":"https:\/\/www.egemtv.com\/?p=15047","title":{"rendered":"Devrilen k\u00f6m\u00fcr y\u00fckl\u00fc t\u0131r\u0131n s\u00fcr\u00fcc\u00fcs\u00fc yaraland\u0131"},"content":{"rendered":"<p>U\u015fak\u2019ta meydana gelen kazada kontrolden \u00e7\u0131kan k\u00f6m\u00fcr y\u00fckl\u00fc t\u0131r devrildi, s\u00fcr\u00fcc\u00fcs\u00fc ise yaraland\u0131.<\/p>\n<p>Edinilen bilgilere g\u00f6re, \u0130zmir-U\u015fak karayolu \u00fczerinde merkez istikametine do\u011fru seyir halinde olan F.D.\u00c7. (30) idaresindeki 01 UAA 19 plakal\u0131 k\u00f6m\u00fcr y\u00fckl\u00fc t\u0131r Hac\u0131kadem kav\u015fa\u011f\u0131 yak\u0131nlar\u0131na geldi\u011finde direksiyon hakimeyetini kaybetmesi sonucu bariyerlere \u00e7arparak \u015farampole devrildi. T\u0131r\u0131n ve dorsenin devrilmesi sonucu k\u00f6m\u00fcrler ise yola sa\u00e7\u0131ld\u0131.<\/p>\n<p>\u00c7evredeki vatanda\u015flar\u0131n ihbar\u0131 \u00fczerine b\u00f6lgeye 112 Sa\u011fl\u0131k ve polis ekipleri sevk edildi. 112 Sa\u011fl\u0131k ekiplerince yaralanan t\u0131r s\u00fcr\u00fcc\u00fcs\u00fc U\u015fak E\u011fitim ve Ara\u015ft\u0131rma Hastanesi\u2019ne kald\u0131r\u0131ld\u0131. Polis ekiplerince yolda g\u00fcvenlik \u00f6nlemi al\u0131n\u0131rken, \u0130zmir-U\u015fak karayolu ise tek \u015feritten ara\u00e7 ge\u00e7i\u015flerine izin verildi.<br \/>\n<br \/>\u00d6te yandan, s\u00fcr\u00fcc\u00fcn\u00fcn sa\u011fl\u0131k durumun iyi oldu\u011fu \u00f6\u011frenildi.<br \/><\/p>\n","protected":false},"excerpt":{"rendered":"<p>U\u015fak\u2019ta meydana gelen kazada kontrolden \u00e7\u0131kan k\u00f6m\u00fcr y\u00fckl\u00fc t\u0131r devrildi, s\u00fcr\u00fcc\u00fcs\u00fc ise yaraland\u0131. Edinilen bilgilere g\u00f6re, \u0130zmir-U\u015fak karayolu \u00fczerinde merkez istikametine do\u011fru seyir halinde olan F.D.\u00c7. (30) idaresindeki 01 UAA 19 plakal\u0131 k\u00f6m\u00fcr y\u00fckl\u00fc t\u0131r Hac\u0131kadem kav\u015fa\u011f\u0131 yak\u0131nlar\u0131na geldi\u011finde direksiyon hakimeyetini kaybetmesi sonucu bariyerlere \u00e7arparak \u015farampole devrildi. T\u0131r\u0131n ve dorsenin devrilmesi sonucu k\u00f6m\u00fcrler ise yola&#8230;<\/p>\n","protected":false},"author":1,"featured_media":15048,"comment_status":"open","ping_status":"open","sticky":false,"template":"","format":"standard","meta":{"_crdt_document":"","footnotes":""},"categories":[5],"tags":[],"class_list":["post-15047","post","type-post","status-publish","format-standard","has-post-thumbnail","hentry","category-asayis"],"_links":{"self":[{"href":"https:\/\/www.egemtv.com\/index.php?rest_route=\/wp\/v2\/posts\/15047","targetHints":{"allow":["GET"]}}],"collection":[{"href":"https:\/\/www.egemtv.com\/index.php?rest_route=\/wp\/v2\/posts"}],"about":[{"href":"https:\/\/www.egemtv.com\/index.php?rest_route=\/wp\/v2\/types\/post"}],"author":[{"embeddable":true,"href":"https:\/\/www.egemtv.com\/index.php?rest_route=\/wp\/v2\/users\/1"}],"replies":[{"embeddable":true,"href":"https:\/\/www.egemtv.com\/index.php?rest_route=%2Fwp%2Fv2%2Fcomments&post=15047"}],"version-history":[{"count":1,"href":"https:\/\/www.egemtv.com\/index.php?rest_route=\/wp\/v2\/posts\/15047\/revisions"}],"predecessor-version":[{"id":15049,"href":"https:\/\/www.egemtv.com\/index.php?rest_route=\/wp\/v2\/posts\/15047\/revisions\/15049"}],"wp:featuredmedia":[{"embeddable":true,"href":"https:\/\/www.egemtv.com\/index.php?rest_route=\/wp\/v2\/media\/15048"}],"wp:attachment":[{"href":"https:\/\/www.egemtv.com\/index.php?rest_route=%2Fwp%2Fv2%2Fmedia&parent=15047"}],"wp:term":[{"taxonomy":"category","embeddable":true,"href":"https:\/\/www.egemtv.com\/index.php?rest_route=%2Fwp%2Fv2%2Fcategories&post=15047"},{"taxonomy":"post_tag","embeddable":true,"href":"https:\/\/www.egemtv.com\/index.php?rest_route=%2Fwp%2Fv2%2Ftags&post=15047"}],"curies":[{"name":"wp","href":"https:\/\/api.w.org\/{rel}","templated":true}]}}