{"id":15044,"date":"2025-02-03T16:38:35","date_gmt":"2025-02-03T13:38:35","guid":{"rendered":"https:\/\/www.egemtv.com\/?p=15044"},"modified":"2025-02-03T16:38:40","modified_gmt":"2025-02-03T13:38:40","slug":"eski-hastane-deposunun-duvarini-kirip-iceri-girdiler-guvenlik-kamerasini-boyadilar","status":"publish","type":"post","link":"https:\/\/www.egemtv.com\/?p=15044","title":{"rendered":"Eski hastane deposunun duvar\u0131n\u0131 k\u0131r\u0131p i\u00e7eri girdiler, g\u00fcvenlik kameras\u0131n\u0131 boyad\u0131lar"},"content":{"rendered":"<p>Burdur\u2019da eski Devlet Hastanesi\u2019nin deposuna giren kimli\u011fi belirsiz ki\u015filer, duvarlara yaz\u0131lar yaz\u0131p g\u00fcvenlik kameras\u0131n\u0131 boyad\u0131. Kap\u0131 ve duvar\u0131 k\u0131rarak i\u00e7eri giren \u015fah\u0131slar, hi\u00e7bir \u015fey almadan olay yerinden ayr\u0131ld\u0131. Polis olayla ilgili \u00e7al\u0131\u015fma ba\u015flatt\u0131.<br \/>\n<br \/>Olay, Burdur merkez \u0130n\u00f6n\u00fc Bulvar\u0131\u2019nda bulunan eski Devlet Hastanesi\u2019nin arka taraf\u0131ndaki depoda meydana geldi. Edinilen bilgilere g\u00f6re, gece saatlerinde gelen kimli\u011fi belirsiz \u015fah\u0131slar, sprey boya ile duvarlara yaz\u0131lar yazd\u0131 ve g\u00fcvenlik kameras\u0131n\u0131 boyayarak kay\u0131t almas\u0131n\u0131 engelledi. Daha sonra i\u00e7erisinde eski klimalar ve baz\u0131 medikal malzemelerin bulundu\u011fu deponun kap\u0131s\u0131n\u0131 ve duvar\u0131n\u0131 k\u0131rarak i\u00e7eri girdiler. Sabah durumun fark edilmesi \u00fczerine olay yerine polis ekipleri sevk edildi. Yap\u0131lan incelemelerde depodan herhangi bir malzemenin \u00e7al\u0131nmad\u0131\u011f\u0131 belirlendi. Polis ekipleri, \u015f\u00fcphelileri tespit etmek ve olay\u0131n nedenini ara\u015ft\u0131rmak i\u00e7in \u00e7al\u0131\u015fma ba\u015flatt\u0131.<br \/><\/p>\n","protected":false},"excerpt":{"rendered":"<p>Burdur\u2019da eski Devlet Hastanesi\u2019nin deposuna giren kimli\u011fi belirsiz ki\u015filer, duvarlara yaz\u0131lar yaz\u0131p g\u00fcvenlik kameras\u0131n\u0131 boyad\u0131. Kap\u0131 ve duvar\u0131 k\u0131rarak i\u00e7eri giren \u015fah\u0131slar, hi\u00e7bir \u015fey almadan olay yerinden ayr\u0131ld\u0131. Polis olayla ilgili \u00e7al\u0131\u015fma ba\u015flatt\u0131. Olay, Burdur merkez \u0130n\u00f6n\u00fc Bulvar\u0131\u2019nda bulunan eski Devlet Hastanesi\u2019nin arka taraf\u0131ndaki depoda meydana geldi. Edinilen bilgilere g\u00f6re, gece saatlerinde gelen kimli\u011fi belirsiz&#8230;<\/p>\n","protected":false},"author":1,"featured_media":15045,"comment_status":"open","ping_status":"open","sticky":false,"template":"","format":"standard","meta":{"_crdt_document":"","footnotes":""},"categories":[5],"tags":[],"class_list":["post-15044","post","type-post","status-publish","format-standard","has-post-thumbnail","hentry","category-asayis"],"_links":{"self":[{"href":"https:\/\/www.egemtv.com\/index.php?rest_route=\/wp\/v2\/posts\/15044","targetHints":{"allow":["GET"]}}],"collection":[{"href":"https:\/\/www.egemtv.com\/index.php?rest_route=\/wp\/v2\/posts"}],"about":[{"href":"https:\/\/www.egemtv.com\/index.php?rest_route=\/wp\/v2\/types\/post"}],"author":[{"embeddable":true,"href":"https:\/\/www.egemtv.com\/index.php?rest_route=\/wp\/v2\/users\/1"}],"replies":[{"embeddable":true,"href":"https:\/\/www.egemtv.com\/index.php?rest_route=%2Fwp%2Fv2%2Fcomments&post=15044"}],"version-history":[{"count":1,"href":"https:\/\/www.egemtv.com\/index.php?rest_route=\/wp\/v2\/posts\/15044\/revisions"}],"predecessor-version":[{"id":15046,"href":"https:\/\/www.egemtv.com\/index.php?rest_route=\/wp\/v2\/posts\/15044\/revisions\/15046"}],"wp:featuredmedia":[{"embeddable":true,"href":"https:\/\/www.egemtv.com\/index.php?rest_route=\/wp\/v2\/media\/15045"}],"wp:attachment":[{"href":"https:\/\/www.egemtv.com\/index.php?rest_route=%2Fwp%2Fv2%2Fmedia&parent=15044"}],"wp:term":[{"taxonomy":"category","embeddable":true,"href":"https:\/\/www.egemtv.com\/index.php?rest_route=%2Fwp%2Fv2%2Fcategories&post=15044"},{"taxonomy":"post_tag","embeddable":true,"href":"https:\/\/www.egemtv.com\/index.php?rest_route=%2Fwp%2Fv2%2Ftags&post=15044"}],"curies":[{"name":"wp","href":"https:\/\/api.w.org\/{rel}","templated":true}]}}