{"id":15041,"date":"2025-02-03T16:38:28","date_gmt":"2025-02-03T13:38:28","guid":{"rendered":"https:\/\/www.egemtv.com\/?p=15041"},"modified":"2025-02-03T16:38:34","modified_gmt":"2025-02-03T13:38:34","slug":"manisada-motosiklet-suruculerine-kask-dagitildi","status":"publish","type":"post","link":"https:\/\/www.egemtv.com\/?p=15041","title":{"rendered":"Manisa\u2019da motosiklet s\u00fcr\u00fcc\u00fclerine kask da\u011f\u0131t\u0131ld\u0131"},"content":{"rendered":"<p>Manisa\u2019n\u0131n Salihli il\u00e7esinde \u015eof\u00f6rler ve Otomobilciler Esnaf Odas\u0131\u2019n\u0131n katk\u0131lar\u0131yla motosiklet s\u00fcr\u00fcc\u00fcleri i\u00e7in hayati \u00f6nem ta\u015f\u0131yan kask da\u011f\u0131t\u0131ld\u0131.<br \/>\n<br \/>Motosiklet kullan\u0131m\u0131n\u0131n yayg\u0131n oldu\u011fu Salihli\u2019de, trafik g\u00fcvenli\u011fi konusunda fark\u0131ndal\u0131\u011f\u0131 art\u0131rmak, daha g\u00fcvenli s\u00fcr\u00fc\u015f ortam\u0131 sa\u011flamak ve kask kullan\u0131m\u0131na te\u015fvik etmek amac\u0131yla Samet Balg\u00f6n\u00fcl ba\u015fkanl\u0131\u011f\u0131ndaki Salihli \u015eof\u00f6rler ve Otomobilciler Esnaf Odas\u0131\u2019n\u0131n katk\u0131lar\u0131 ile motosiklet s\u00fcr\u00fcc\u00fclerine 100 adet \u00fccretsiz kask da\u011f\u0131t\u0131m\u0131 ger\u00e7ekle\u015ftirildi. Etkinlikte, motosiklet s\u00fcr\u00fcc\u00fclerine kask kullan\u0131m\u0131n\u0131n hayati \u00f6nemi anlat\u0131larak fark\u0131ndal\u0131k olu\u015fturulmaya \u00e7al\u0131\u015f\u0131ld\u0131.<br \/>\n<br \/>Salihli\u2019de motosikletler \u00fczerindeki denetimlerin \u0130l\u00e7e Emniyet M\u00fcd\u00fcrl\u00fc\u011f\u00fc Trafik Denetleme B\u00fcro Amirli\u011fi ve \u0130l\u00e7e Jandarma Komutanl\u0131\u011f\u0131 Trafik Tim ekipleri taraf\u0131ndan denetimlerin aral\u0131ks\u0131z devam etti\u011fini belirten Kaymakam Ali G\u00fcldo\u011fan, &#8220;Bu vesileyle t\u00fcm s\u00fcr\u00fcc\u00fclere do\u011fru ekipman kullanmalar\u0131n\u0131 ve trafik kurallar\u0131na uymalar\u0131 \u00e7a\u011fr\u0131s\u0131nda bulunuyorum &#8220;dedi.<br \/>\n<br \/>Motosiklet s\u00fcr\u00fcc\u00fclerine kasklar ise \u0130l\u00e7e Kaymakam\u0131 Ali G\u00fcldo\u011fan, Belediye Ba\u015fkan\u0131 Mazlum Nurlu, \u0130l\u00e7e Emniyet M\u00fcd\u00fcr\u00fc Burhan Demirk\u0131ran, \u0130l\u00e7e Jandarma Komutan\u0131 Binba\u015f\u0131 Do\u011fukan Karaaslan, \u0130l\u00e7e Milli E\u011fitim M\u00fcd\u00fcr\u00fc Mahmut Yenen, \u015eof\u00f6rler ve Otomobilciler Esnaf Odas\u0131 Ba\u015fkan\u0131 Samet Balg\u00f6n\u00fcl taraf\u0131ndan teslim edildi.<br \/><\/p>\n","protected":false},"excerpt":{"rendered":"<p>Manisa\u2019n\u0131n Salihli il\u00e7esinde \u015eof\u00f6rler ve Otomobilciler Esnaf Odas\u0131\u2019n\u0131n katk\u0131lar\u0131yla motosiklet s\u00fcr\u00fcc\u00fcleri i\u00e7in hayati \u00f6nem ta\u015f\u0131yan kask da\u011f\u0131t\u0131ld\u0131. Motosiklet kullan\u0131m\u0131n\u0131n yayg\u0131n oldu\u011fu Salihli\u2019de, trafik g\u00fcvenli\u011fi konusunda fark\u0131ndal\u0131\u011f\u0131 art\u0131rmak, daha g\u00fcvenli s\u00fcr\u00fc\u015f ortam\u0131 sa\u011flamak ve kask kullan\u0131m\u0131na te\u015fvik etmek amac\u0131yla Samet Balg\u00f6n\u00fcl ba\u015fkanl\u0131\u011f\u0131ndaki Salihli \u015eof\u00f6rler ve Otomobilciler Esnaf Odas\u0131\u2019n\u0131n katk\u0131lar\u0131 ile motosiklet s\u00fcr\u00fcc\u00fclerine 100 adet \u00fccretsiz kask&#8230;<\/p>\n","protected":false},"author":1,"featured_media":15042,"comment_status":"open","ping_status":"open","sticky":false,"template":"","format":"standard","meta":{"_crdt_document":"","footnotes":""},"categories":[5],"tags":[],"class_list":["post-15041","post","type-post","status-publish","format-standard","has-post-thumbnail","hentry","category-asayis"],"_links":{"self":[{"href":"https:\/\/www.egemtv.com\/index.php?rest_route=\/wp\/v2\/posts\/15041","targetHints":{"allow":["GET"]}}],"collection":[{"href":"https:\/\/www.egemtv.com\/index.php?rest_route=\/wp\/v2\/posts"}],"about":[{"href":"https:\/\/www.egemtv.com\/index.php?rest_route=\/wp\/v2\/types\/post"}],"author":[{"embeddable":true,"href":"https:\/\/www.egemtv.com\/index.php?rest_route=\/wp\/v2\/users\/1"}],"replies":[{"embeddable":true,"href":"https:\/\/www.egemtv.com\/index.php?rest_route=%2Fwp%2Fv2%2Fcomments&post=15041"}],"version-history":[{"count":1,"href":"https:\/\/www.egemtv.com\/index.php?rest_route=\/wp\/v2\/posts\/15041\/revisions"}],"predecessor-version":[{"id":15043,"href":"https:\/\/www.egemtv.com\/index.php?rest_route=\/wp\/v2\/posts\/15041\/revisions\/15043"}],"wp:featuredmedia":[{"embeddable":true,"href":"https:\/\/www.egemtv.com\/index.php?rest_route=\/wp\/v2\/media\/15042"}],"wp:attachment":[{"href":"https:\/\/www.egemtv.com\/index.php?rest_route=%2Fwp%2Fv2%2Fmedia&parent=15041"}],"wp:term":[{"taxonomy":"category","embeddable":true,"href":"https:\/\/www.egemtv.com\/index.php?rest_route=%2Fwp%2Fv2%2Fcategories&post=15041"},{"taxonomy":"post_tag","embeddable":true,"href":"https:\/\/www.egemtv.com\/index.php?rest_route=%2Fwp%2Fv2%2Ftags&post=15041"}],"curies":[{"name":"wp","href":"https:\/\/api.w.org\/{rel}","templated":true}]}}