{"id":15038,"date":"2025-02-03T16:25:36","date_gmt":"2025-02-03T13:25:36","guid":{"rendered":"https:\/\/www.egemtv.com\/?p=15038"},"modified":"2025-02-03T16:25:42","modified_gmt":"2025-02-03T13:25:42","slug":"baris-manco-denizlide-saygiyla-anildi","status":"publish","type":"post","link":"https:\/\/www.egemtv.com\/?p=15038","title":{"rendered":"Bar\u0131\u015f Man\u00e7o, Denizli\u2019de sayg\u0131yla an\u0131ld\u0131"},"content":{"rendered":"<p>Denizli B\u00fcy\u00fck\u015fehir Belediyesi, T\u00fcrk m\u00fczi\u011finin usta isimlerinden Bar\u0131\u015f Man\u00e7o\u2019nun vefat\u0131n\u0131n 26\u2019nc\u0131 y\u0131l\u0131na \u00f6zel  &#8220;\u0130yili\u011fin ve G\u00fczelli\u011fin Sanat\u00e7\u0131s\u0131 Bar\u0131\u015f Man\u00e7o&#8221; slogan\u0131yla bir anma program\u0131 d\u00fczenledi.<\/p>\n<p>Denizli B\u00fcy\u00fck\u015fehir Belediyesi, T\u00fcrk m\u00fczi\u011finin efsane isimlerinden biri olan usta sanat\u00e7\u0131 Bar\u0131\u015f Man\u00e7o\u2019nun 26\u2019nc\u0131 \u00f6l\u00fcm y\u0131l d\u00f6n\u00fcm\u00fcn\u00fc anmak amac\u0131yla &#8220;\u0130yili\u011fin ve G\u00fczelli\u011fin Sanat\u00e7\u0131s\u0131 Bar\u0131\u015f Man\u00e7o&#8221; slogan\u0131yla bir program\u0131 d\u00fczenledi. Programa Denizli B\u00fcy\u00fck\u015fehir Belediye Ba\u015fkan\u0131 B\u00fclent Nuri \u00c7avu\u015fo\u011flu, Ba\u015fkanvekili Ali Mar\u0131m, il\u00e7e belediye ba\u015fkanlar\u0131, \u00e7ok say\u0131da davetli ve vatanda\u015flar kat\u0131ld\u0131. Full Aksesuar grubunun sahne ald\u0131\u011f\u0131 programda Bar\u0131\u015f Man\u00e7o\u2019nun unutulmaz eserleri seslendirildi. Duygu dolu anlar\u0131n ya\u015fand\u0131\u011f\u0131 programa ilgi yo\u011fun oldu. Ba\u015fkan \u00c7avu\u015fo\u011flu etkinli\u011fin sonunda Full Aksesuar grubuna plaket takdimini ger\u00e7ekle\u015ftirdi.<\/p>\n<p>&#8220;Bar\u0131\u015f Man\u00e7o herkesi birle\u015ftirebilen, kimseyi \u00f6tekile\u015ftirmeyen bir de\u011fer&#8221;<br \/>\n<br \/>Program\u0131n a\u00e7\u0131l\u0131\u015f konu\u015fmalar\u0131n\u0131 ger\u00e7ekle\u015ftiren Denizli B\u00fcy\u00fck\u015fehir Belediye Ba\u015fkan\u0131 B\u00fclent Nuri \u00c7avu\u015fo\u011flu, Bar\u0131\u015f Man\u00e7o\u2019nun birle\u015ftirici bir g\u00fc\u00e7 oldu\u011funun alt\u0131n\u0131 \u00e7izerek ya\u015fad\u0131\u011f\u0131 d\u00f6nemde bir\u00e7ok insan\u0131n kalbine dokundu\u011funu belirtti. Ba\u015fkan \u00c7avu\u015fo\u011flu konu\u015fmas\u0131n\u0131n devam\u0131nda, &#8220;Bizlerin bu \u015fehirde herkesin mutlu oldu\u011fu, ge\u00e7mi\u015fle gelece\u011fin k\u00f6pr\u00fcs\u00fcn\u00fcn kuruldu\u011fu, y\u00fczleri g\u00fclen insanlar\u0131n, sokaklar\u0131nda mutlu \u00e7ocuklar\u0131n ya\u015fad\u0131\u011f\u0131 bir \u015fehir hayalimiz vard\u0131. Bu hayal yolculu\u011fumuzda sanat\u0131n ve sanat\u00e7\u0131n\u0131n da de\u011ferinin bilindi\u011fi, ge\u00e7mi\u015fte bu \u00fclkenin ya\u015fam\u0131na dokunmu\u015f sanat\u00e7\u0131lar\u0131m\u0131z\u0131 da anmak bizim i\u00e7in \u00e7ok \u00f6nemli. Bu hayal yolculu\u011fumuzda Bar\u0131\u015f Man\u00e7o\u2019nun ger\u00e7ekten \u00e7ok b\u00fcy\u00fck \u00f6nemi var. \u00c7\u00fcnk\u00fc Bar\u0131\u015f Man\u00e7o bizim \u00e7ocuklu\u011fumuzun, gen\u00e7li\u011fimizin, k\u00fclt\u00fcr\u00fcm\u00fcz\u00fcn i\u00e7erisinde herkesi kabul edebildi\u011fi, herkesi birle\u015ftirebilen, kimseyi \u00f6tekile\u015ftirmeyen \u00e7ok b\u00fcy\u00fck bir de\u011fer&#8221; ifadelerini kulland\u0131.<br \/><\/p>\n","protected":false},"excerpt":{"rendered":"<p>Denizli B\u00fcy\u00fck\u015fehir Belediyesi, T\u00fcrk m\u00fczi\u011finin usta isimlerinden Bar\u0131\u015f Man\u00e7o\u2019nun vefat\u0131n\u0131n 26\u2019nc\u0131 y\u0131l\u0131na \u00f6zel &#8220;\u0130yili\u011fin ve G\u00fczelli\u011fin Sanat\u00e7\u0131s\u0131 Bar\u0131\u015f Man\u00e7o&#8221; slogan\u0131yla bir anma program\u0131 d\u00fczenledi. Denizli B\u00fcy\u00fck\u015fehir Belediyesi, T\u00fcrk m\u00fczi\u011finin efsane isimlerinden biri olan usta sanat\u00e7\u0131 Bar\u0131\u015f Man\u00e7o\u2019nun 26\u2019nc\u0131 \u00f6l\u00fcm y\u0131l d\u00f6n\u00fcm\u00fcn\u00fc anmak amac\u0131yla &#8220;\u0130yili\u011fin ve G\u00fczelli\u011fin Sanat\u00e7\u0131s\u0131 Bar\u0131\u015f Man\u00e7o&#8221; slogan\u0131yla bir program\u0131 d\u00fczenledi. Programa Denizli&#8230;<\/p>\n","protected":false},"author":1,"featured_media":15039,"comment_status":"open","ping_status":"open","sticky":false,"template":"","format":"standard","meta":{"_crdt_document":"","footnotes":""},"categories":[1],"tags":[],"class_list":["post-15038","post","type-post","status-publish","format-standard","has-post-thumbnail","hentry","category-guncel"],"_links":{"self":[{"href":"https:\/\/www.egemtv.com\/index.php?rest_route=\/wp\/v2\/posts\/15038","targetHints":{"allow":["GET"]}}],"collection":[{"href":"https:\/\/www.egemtv.com\/index.php?rest_route=\/wp\/v2\/posts"}],"about":[{"href":"https:\/\/www.egemtv.com\/index.php?rest_route=\/wp\/v2\/types\/post"}],"author":[{"embeddable":true,"href":"https:\/\/www.egemtv.com\/index.php?rest_route=\/wp\/v2\/users\/1"}],"replies":[{"embeddable":true,"href":"https:\/\/www.egemtv.com\/index.php?rest_route=%2Fwp%2Fv2%2Fcomments&post=15038"}],"version-history":[{"count":1,"href":"https:\/\/www.egemtv.com\/index.php?rest_route=\/wp\/v2\/posts\/15038\/revisions"}],"predecessor-version":[{"id":15040,"href":"https:\/\/www.egemtv.com\/index.php?rest_route=\/wp\/v2\/posts\/15038\/revisions\/15040"}],"wp:featuredmedia":[{"embeddable":true,"href":"https:\/\/www.egemtv.com\/index.php?rest_route=\/wp\/v2\/media\/15039"}],"wp:attachment":[{"href":"https:\/\/www.egemtv.com\/index.php?rest_route=%2Fwp%2Fv2%2Fmedia&parent=15038"}],"wp:term":[{"taxonomy":"category","embeddable":true,"href":"https:\/\/www.egemtv.com\/index.php?rest_route=%2Fwp%2Fv2%2Fcategories&post=15038"},{"taxonomy":"post_tag","embeddable":true,"href":"https:\/\/www.egemtv.com\/index.php?rest_route=%2Fwp%2Fv2%2Ftags&post=15038"}],"curies":[{"name":"wp","href":"https:\/\/api.w.org\/{rel}","templated":true}]}}