{"id":15032,"date":"2025-02-03T16:16:57","date_gmt":"2025-02-03T13:16:57","guid":{"rendered":"https:\/\/www.egemtv.com\/?p=15032"},"modified":"2025-02-03T16:17:02","modified_gmt":"2025-02-03T13:17:02","slug":"golhisarda-bahce-yollari-asfaltlaniyor","status":"publish","type":"post","link":"https:\/\/www.egemtv.com\/?p=15032","title":{"rendered":"G\u00f6lhisar\u2019da bah\u00e7e yollar\u0131 asfaltlan\u0131yor"},"content":{"rendered":"<p>Efeler Belediyesi Fen \u0130\u015fleri M\u00fcd\u00fcrl\u00fc\u011f\u00fc ekipleri, G\u00f6lhisar Mahallesi\u2019nde vatanda\u015flar\u0131n tar\u0131m arazilerine ula\u015f\u0131m\u0131n\u0131 kolayla\u015ft\u0131rmak s\u0131kl\u0131kla kullan\u0131lan yolu asfaltlad\u0131.<\/p>\n<p>T\u00fcrkiye\u2019de en \u00e7ok enginar yeti\u015ftirilen yer olan G\u00f6lhisar\u2019da \u00fcreticiler, yap\u0131lan yol \u00e7al\u0131\u015fmas\u0131yla tarlalar\u0131na daha rahat ula\u015fabilecek. Efeler Belediye Ba\u015fkan\u0131 An\u0131l Yeti\u015fkin, belediye olarak tar\u0131ma ve \u00fcreticilere her zaman destek verdiklerini belirterek, &#8220;\u00c7ift\u00e7ilerimizin eme\u011fini daha da de\u011ferli k\u0131lmak i\u00e7in yollar\u0131m\u0131z\u0131 g\u00fc\u00e7lendiriyoruz. G\u00f6lhisar Mahallesi, enginar \u00fcretimiyle il\u00e7emizin en \u00f6nemli tar\u0131m merkezlerinden biri. Ula\u015f\u0131m\u0131n iyile\u015ftirilmesiyle hasat s\u00fcreci daha verimli ve konforlu hale gelecek&#8221; dedi.<\/p>\n<p>G\u00f6lhisar Mahalle Muhtar\u0131 Mehmet Karag\u00f6z \u00e7al\u0131\u015fmalar i\u00e7in Ba\u015fkan Yeti\u015fkin ve ekibine te\u015fekk\u00fcr ederek, &#8220;Daha \u00f6nce yolumuz toprak yoldu. Efeler Belediye Ba\u015fkan\u0131m\u0131z An\u0131l Yeti\u015fkin\u2019den talepte bulunduk. Sa\u011f olsun ba\u015fkan\u0131m\u0131z sesimizi duydu. Vakit ge\u00e7irmeden asfalt \u00e7al\u0131\u015fmalar\u0131 ba\u015flad\u0131. \u00d6nceden bah\u00e7e yollar\u0131na ara\u00e7la giremiyorduk. \u00d6zellikle k\u0131\u015f\u0131n yolu su bas\u0131yordu ve \u00e7amur oluyordu. Sa\u011f olsun an\u0131l ba\u015fkan\u0131m\u0131z ekibiyle birlikte yeti\u015fti, yollar\u0131m\u0131z yap\u0131lmaya ba\u015flad\u0131. \u015eahs\u0131m ve mahalle sakinlerim ad\u0131na ba\u015fkan\u0131m\u0131z An\u0131l Yeti\u015fkin\u2019e ve mesai arkada\u015flar\u0131na te\u015fekk\u00fcr ederim&#8221; dedi.<br \/><\/p>\n","protected":false},"excerpt":{"rendered":"<p>Efeler Belediyesi Fen \u0130\u015fleri M\u00fcd\u00fcrl\u00fc\u011f\u00fc ekipleri, G\u00f6lhisar Mahallesi\u2019nde vatanda\u015flar\u0131n tar\u0131m arazilerine ula\u015f\u0131m\u0131n\u0131 kolayla\u015ft\u0131rmak s\u0131kl\u0131kla kullan\u0131lan yolu asfaltlad\u0131. T\u00fcrkiye\u2019de en \u00e7ok enginar yeti\u015ftirilen yer olan G\u00f6lhisar\u2019da \u00fcreticiler, yap\u0131lan yol \u00e7al\u0131\u015fmas\u0131yla tarlalar\u0131na daha rahat ula\u015fabilecek. Efeler Belediye Ba\u015fkan\u0131 An\u0131l Yeti\u015fkin, belediye olarak tar\u0131ma ve \u00fcreticilere her zaman destek verdiklerini belirterek, &#8220;\u00c7ift\u00e7ilerimizin eme\u011fini daha da de\u011ferli k\u0131lmak i\u00e7in&#8230;<\/p>\n","protected":false},"author":1,"featured_media":15033,"comment_status":"open","ping_status":"open","sticky":false,"template":"","format":"standard","meta":{"_crdt_document":"","footnotes":""},"categories":[1],"tags":[],"class_list":["post-15032","post","type-post","status-publish","format-standard","has-post-thumbnail","hentry","category-guncel"],"_links":{"self":[{"href":"https:\/\/www.egemtv.com\/index.php?rest_route=\/wp\/v2\/posts\/15032","targetHints":{"allow":["GET"]}}],"collection":[{"href":"https:\/\/www.egemtv.com\/index.php?rest_route=\/wp\/v2\/posts"}],"about":[{"href":"https:\/\/www.egemtv.com\/index.php?rest_route=\/wp\/v2\/types\/post"}],"author":[{"embeddable":true,"href":"https:\/\/www.egemtv.com\/index.php?rest_route=\/wp\/v2\/users\/1"}],"replies":[{"embeddable":true,"href":"https:\/\/www.egemtv.com\/index.php?rest_route=%2Fwp%2Fv2%2Fcomments&post=15032"}],"version-history":[{"count":1,"href":"https:\/\/www.egemtv.com\/index.php?rest_route=\/wp\/v2\/posts\/15032\/revisions"}],"predecessor-version":[{"id":15034,"href":"https:\/\/www.egemtv.com\/index.php?rest_route=\/wp\/v2\/posts\/15032\/revisions\/15034"}],"wp:featuredmedia":[{"embeddable":true,"href":"https:\/\/www.egemtv.com\/index.php?rest_route=\/wp\/v2\/media\/15033"}],"wp:attachment":[{"href":"https:\/\/www.egemtv.com\/index.php?rest_route=%2Fwp%2Fv2%2Fmedia&parent=15032"}],"wp:term":[{"taxonomy":"category","embeddable":true,"href":"https:\/\/www.egemtv.com\/index.php?rest_route=%2Fwp%2Fv2%2Fcategories&post=15032"},{"taxonomy":"post_tag","embeddable":true,"href":"https:\/\/www.egemtv.com\/index.php?rest_route=%2Fwp%2Fv2%2Ftags&post=15032"}],"curies":[{"name":"wp","href":"https:\/\/api.w.org\/{rel}","templated":true}]}}