{"id":15029,"date":"2025-02-03T16:14:26","date_gmt":"2025-02-03T13:14:26","guid":{"rendered":"https:\/\/www.egemtv.com\/?p=15029"},"modified":"2025-02-03T16:14:31","modified_gmt":"2025-02-03T13:14:31","slug":"gazeteci-ertemoz-son-yolculuguna-ugurlandi","status":"publish","type":"post","link":"https:\/\/www.egemtv.com\/?p=15029","title":{"rendered":"Gazeteci Ertem\u00f6z, son yolculu\u011funa u\u011furland\u0131"},"content":{"rendered":"<p>Nazillili gazeteci Birol Ertem\u00f6z (79) Koca Cami\u2019de k\u0131l\u0131nan cenaze namaz\u0131n\u0131n ard\u0131ndan son yolculu\u011funa u\u011furland\u0131.<\/p>\n<p>Nazillili gazeteci Birol Ertem\u00f6z (79) bir s\u00fcredir sa\u011fl\u0131k sorunlar\u0131yla m\u00fccadele ediyordu. Deneyimli gazeteciden sabah saatlerinde ac\u0131 haber geldi. Hayat\u0131n\u0131 kaybeden Ertem\u00f6z i\u00e7in Koca Cami\u2019de \u00f6\u011fle namaz\u0131na m\u00fcteakip cenaze namaz\u0131 k\u0131l\u0131nd\u0131. Cenaze namaz\u0131na Nazilli Belediye Ba\u015fkan\u0131 Ertu\u011frul Tetik, Nazilli Belediye eski ba\u015fkan\u0131 K\u00fcr\u015fat Engin \u00d6zcan, MHP Ayd\u0131n \u0130l Ba\u015fkan\u0131 Haluk Al\u0131c\u0131k, bas\u0131n mensuplar\u0131, siyasi partilerin temsilcileri ile ailesi ve yak\u0131nlar\u0131 kat\u0131ld\u0131. Ertem\u00f6z,  k\u0131l\u0131nan cenaze namaz\u0131n\u0131n ard\u0131ndan E\u011friboyun Mezarl\u0131\u011f\u0131\u2019nda topra\u011fa verildi. Ertem\u00f6z evli ve 3 \u00e7ocuk babas\u0131yd\u0131.<br \/><\/p>\n","protected":false},"excerpt":{"rendered":"<p>Nazillili gazeteci Birol Ertem\u00f6z (79) Koca Cami\u2019de k\u0131l\u0131nan cenaze namaz\u0131n\u0131n ard\u0131ndan son yolculu\u011funa u\u011furland\u0131. Nazillili gazeteci Birol Ertem\u00f6z (79) bir s\u00fcredir sa\u011fl\u0131k sorunlar\u0131yla m\u00fccadele ediyordu. Deneyimli gazeteciden sabah saatlerinde ac\u0131 haber geldi. Hayat\u0131n\u0131 kaybeden Ertem\u00f6z i\u00e7in Koca Cami\u2019de \u00f6\u011fle namaz\u0131na m\u00fcteakip cenaze namaz\u0131 k\u0131l\u0131nd\u0131. Cenaze namaz\u0131na Nazilli Belediye Ba\u015fkan\u0131 Ertu\u011frul Tetik, Nazilli Belediye eski ba\u015fkan\u0131&#8230;<\/p>\n","protected":false},"author":1,"featured_media":15030,"comment_status":"open","ping_status":"open","sticky":false,"template":"","format":"standard","meta":{"_crdt_document":"","footnotes":""},"categories":[1],"tags":[],"class_list":["post-15029","post","type-post","status-publish","format-standard","has-post-thumbnail","hentry","category-guncel"],"_links":{"self":[{"href":"https:\/\/www.egemtv.com\/index.php?rest_route=\/wp\/v2\/posts\/15029","targetHints":{"allow":["GET"]}}],"collection":[{"href":"https:\/\/www.egemtv.com\/index.php?rest_route=\/wp\/v2\/posts"}],"about":[{"href":"https:\/\/www.egemtv.com\/index.php?rest_route=\/wp\/v2\/types\/post"}],"author":[{"embeddable":true,"href":"https:\/\/www.egemtv.com\/index.php?rest_route=\/wp\/v2\/users\/1"}],"replies":[{"embeddable":true,"href":"https:\/\/www.egemtv.com\/index.php?rest_route=%2Fwp%2Fv2%2Fcomments&post=15029"}],"version-history":[{"count":1,"href":"https:\/\/www.egemtv.com\/index.php?rest_route=\/wp\/v2\/posts\/15029\/revisions"}],"predecessor-version":[{"id":15031,"href":"https:\/\/www.egemtv.com\/index.php?rest_route=\/wp\/v2\/posts\/15029\/revisions\/15031"}],"wp:featuredmedia":[{"embeddable":true,"href":"https:\/\/www.egemtv.com\/index.php?rest_route=\/wp\/v2\/media\/15030"}],"wp:attachment":[{"href":"https:\/\/www.egemtv.com\/index.php?rest_route=%2Fwp%2Fv2%2Fmedia&parent=15029"}],"wp:term":[{"taxonomy":"category","embeddable":true,"href":"https:\/\/www.egemtv.com\/index.php?rest_route=%2Fwp%2Fv2%2Fcategories&post=15029"},{"taxonomy":"post_tag","embeddable":true,"href":"https:\/\/www.egemtv.com\/index.php?rest_route=%2Fwp%2Fv2%2Ftags&post=15029"}],"curies":[{"name":"wp","href":"https:\/\/api.w.org\/{rel}","templated":true}]}}