{"id":15026,"date":"2025-02-03T16:12:53","date_gmt":"2025-02-03T13:12:53","guid":{"rendered":"https:\/\/www.egemtv.com\/?p=15026"},"modified":"2025-02-03T16:13:08","modified_gmt":"2025-02-03T13:13:08","slug":"onkoloji-hastalari-seramik-atolyesinde-bulustu","status":"publish","type":"post","link":"https:\/\/www.egemtv.com\/?p=15026","title":{"rendered":"Onkoloji hastalar\u0131 seramik at\u00f6lyesinde bulu\u015ftu"},"content":{"rendered":"<p>D\u00fcnya Kanser G\u00fcn\u00fc nedeniyle Medicana International \u0130zmir Hastanesinde seramik at\u00f6lyesi d\u00fczenlendi. Onkoloji hastalar\u0131n\u0131n bir araya geldi\u011fi at\u00f6lyede keyifli anlar ya\u015fand\u0131. Hastalar\u0131yla birlikte seramik yapan Medicana Sa\u011fl\u0131k Grubu Medikal Onkoloji b\u00f6l\u00fcm\u00fcnden Uzm. Dr. Murat Keser, kanser t\u00fcrlerinin b\u00fcy\u00fck bir k\u0131sm\u0131n\u0131n d\u00fczenli taramalar sayesinde erken evrede fark edilebildi\u011fini s\u00f6yleyerek, genetik ara\u015ft\u0131rmalar, imm\u00fcnoterapi, hedefe y\u00f6nelik ve ki\u015fiye \u00f6zel tedavi yakla\u015f\u0131mlar\u0131n\u0131n, kanser tedavisinde umut veren geli\u015fmeler oldu\u011funu vurgulad\u0131.<br \/>\n<br \/>Medicana International \u0130zmir Hastanesi, 4 \u015eubat Kanser G\u00fcn\u00fc nedeniyle onkoloji hastalar\u0131n\u0131 sanat\u0131n iyile\u015ftirici g\u00fcc\u00fcyle bulu\u015fturdu. Seramik at\u00f6lyesinde e\u011fitmenler e\u015fli\u011finde kase yapan hastalar, kanserle m\u00fccadelenin \u00f6nemine dikkat \u00e7ekerek, &#8220;Bu s\u00fcre\u00e7te birlikte olmak, hayattan keyif almak, yeni \u015feyler \u00f6\u011frenmek bizim i\u00e7in olduk\u00e7a de\u011ferli. Etkinlik hepimize moral oldu. Hastane yetkilerine te\u015fekk\u00fcr ederiz&#8221; dedi. D\u00fcnya Kanser G\u00fcn\u00fc olarak ilan edilen 4 \u015eubat\u2019\u0131n; kanser hastal\u0131\u011f\u0131n\u0131n erken te\u015fhis ve tedavisinin \u00f6nemini vurgulad\u0131\u011f\u0131n\u0131 belirten Medicana International \u0130zmir Hastanesi Medikal Onkoloji Uzman\u0131 Dr. Murat Keser, &#8220;Kanser, sadece bireysel bir sa\u011fl\u0131k sorunu olmaktan \u00f6te, toplumlar\u0131n ekonomik, sosyal ve k\u00fclt\u00fcrel yap\u0131s\u0131n\u0131 etkileyen k\u00fcresel bir sa\u011fl\u0131k krizidir. D\u00fcnya genelinde her y\u0131l milyonlarca insan kanser te\u015fhisi almaktad\u0131r. Ya\u015fam s\u00fcresinin uzamas\u0131yla birlikte kanser g\u00f6r\u00fclme s\u0131kl\u0131\u011f\u0131nda ciddi bir art\u0131\u015f g\u00f6r\u00fclmektedir. 2050 y\u0131l\u0131nda yakla\u015f\u0131k 40 milyon ki\u015fiye kanser tan\u0131s\u0131 konulmas\u0131 beklenmektedir&#8221; dedi.<\/p>\n<p>Tedavi \u015fans\u0131 ve ya\u015fam kalitesi y\u00fckselmektedir<br \/>\n<br \/>Kanser hastal\u0131\u011f\u0131 s\u00fcrecinin zorluklar\u0131n\u0131 ve hastal\u0131\u011f\u0131n \u00e7ok y\u00f6nl\u00fc olu\u015funu, bireyden bireye farkl\u0131l\u0131k g\u00f6steren bir seyir olarak \u00f6zetleyen Uzm. Dr. Murat Keser, &#8220;Erken te\u015fhis, kanser tedavisinde ba\u015far\u0131l\u0131 olman\u0131n anahtarlar\u0131ndan biridir. Kanser t\u00fcrlerinin b\u00fcy\u00fck bir k\u0131sm\u0131, hastal\u0131k belirtileri ortaya \u00e7\u0131kmadan \u00f6nce yap\u0131lan d\u00fczenli taramalar sayesinde erken evrede fark edilebilmektedir. Bu ba\u011flamda, toplumlar\u0131n d\u00fczenli sa\u011fl\u0131k kontrollerine y\u00f6nlendirilmesi, kanserin tedavi edilebilirli\u011fini \u00f6nemli \u00f6l\u00e7\u00fcde art\u0131r\u0131r. \u00d6zellikle meme kanseri, kolorektal kanser ve serviks kanseri gibi yayg\u0131n kanser t\u00fcrlerinde erken te\u015fhis, tedavi \u015fans\u0131n\u0131 ve ya\u015fam kalitesini y\u00fckseltmektedir. Sa\u011fl\u0131k politikalar\u0131n\u0131n bu y\u00f6nde \u015fekillendirilmesi, toplumun her kesimine ula\u015fabilen geni\u015f kapsaml\u0131 tarama programlar\u0131n\u0131n uygulanmas\u0131 ile m\u00fcmk\u00fcnd\u00fcr&#8221; ifadelerini kulland\u0131. Uzm. Dr. Murat Keser, k\u00fcresel \u00e7apta d\u00fczenlenen fark\u0131ndal\u0131k kampanyalar\u0131 ile halk\u0131n kanser konusundaki bilgi d\u00fczeyinin art\u0131r\u0131ld\u0131\u011f\u0131n\u0131 belirterek, &#8220;Erken te\u015fhis hayat kurtar\u0131r&#8221;, &#8220;Sa\u011fl\u0131kl\u0131 ya\u015fam, kanserden korur&#8221; gibi mesajlar\u0131n, bireylerin ya\u015fam tarzlar\u0131n\u0131 g\u00f6zden ge\u00e7irmelerini sa\u011flayabildi\u011fini s\u00f6yledi.<\/p>\n<p>Kanserle m\u00fccadelede dijital d\u00f6n\u00fc\u015f\u00fcm \u00f6nemli<br \/>\n<br \/>&#8220;Genetik ara\u015ft\u0131rmalar, imm\u00fcnoterapi, hedefe y\u00f6nelik ve ki\u015fiye \u00f6zel tedavi yakla\u015f\u0131mlar\u0131, kanser tedavisinde umut vaat eden alanlard\u0131r. Uzaktan sa\u011fl\u0131k uygulamalar\u0131, tele-t\u0131p hizmetleri ve mobil uygulamalar, kanserle m\u00fccadelede dijital d\u00f6n\u00fc\u015f\u00fcm\u00fcn ne kadar \u00f6nemli oldu\u011funu bir kez daha g\u00f6zler \u00f6n\u00fcne sermektedir&#8221; ifadelerini kullanan Uzm. Dr. Murat Keser, s\u00f6zlerine \u015f\u00f6yle devam etti: &#8220;Gelecekte, kanser tedavisinde ki\u015fiselle\u015ftirilmi\u015f t\u0131p uygulamalar\u0131n\u0131n yayg\u0131nla\u015fmas\u0131, hastal\u0131\u011f\u0131n genetik temellerinin daha iyi anla\u015f\u0131lmas\u0131 ve ya\u015fam tarz\u0131 de\u011fi\u015fikliklerinin toplum geneline benimsetilmesiyle, kanserle m\u00fccadelede \u00f6nemli bir d\u00f6n\u00fcm noktas\u0131na ula\u015f\u0131lmas\u0131 hedeflenmektedir. Bu g\u00fcn vesilesiyle, kanserle m\u00fccadelede bilimsel geli\u015fmelerin yan\u0131 s\u0131ra, toplumsal dayan\u0131\u015fman\u0131n ve bireysel sorumlulu\u011fun \u00f6nemini bir kez daha hat\u0131rlamaktay\u0131z. Her birimizin sa\u011fl\u0131kl\u0131 ya\u015fam se\u00e7imleri yapmas\u0131, d\u00fczenli sa\u011fl\u0131k taramalar\u0131na \u00f6nem vermesi ve \u00e7evremizdeki insanlar\u0131 bilin\u00e7lendirmesi, kanseri \u00f6nlemede umut dolu bir gelece\u011fin kap\u0131lar\u0131n\u0131 aralayacakt\u0131r.&#8221;<br \/><\/p>\n","protected":false},"excerpt":{"rendered":"<p>D\u00fcnya Kanser G\u00fcn\u00fc nedeniyle Medicana International \u0130zmir Hastanesinde seramik at\u00f6lyesi d\u00fczenlendi. Onkoloji hastalar\u0131n\u0131n bir araya geldi\u011fi at\u00f6lyede keyifli anlar ya\u015fand\u0131. Hastalar\u0131yla birlikte seramik yapan Medicana Sa\u011fl\u0131k Grubu Medikal Onkoloji b\u00f6l\u00fcm\u00fcnden Uzm. Dr. Murat Keser, kanser t\u00fcrlerinin b\u00fcy\u00fck bir k\u0131sm\u0131n\u0131n d\u00fczenli taramalar sayesinde erken evrede fark edilebildi\u011fini s\u00f6yleyerek, genetik ara\u015ft\u0131rmalar, imm\u00fcnoterapi, hedefe y\u00f6nelik ve ki\u015fiye \u00f6zel&#8230;<\/p>\n","protected":false},"author":1,"featured_media":15027,"comment_status":"open","ping_status":"open","sticky":false,"template":"","format":"standard","meta":{"_crdt_document":"","footnotes":""},"categories":[2],"tags":[],"class_list":["post-15026","post","type-post","status-publish","format-standard","has-post-thumbnail","hentry","category-saglik"],"_links":{"self":[{"href":"https:\/\/www.egemtv.com\/index.php?rest_route=\/wp\/v2\/posts\/15026","targetHints":{"allow":["GET"]}}],"collection":[{"href":"https:\/\/www.egemtv.com\/index.php?rest_route=\/wp\/v2\/posts"}],"about":[{"href":"https:\/\/www.egemtv.com\/index.php?rest_route=\/wp\/v2\/types\/post"}],"author":[{"embeddable":true,"href":"https:\/\/www.egemtv.com\/index.php?rest_route=\/wp\/v2\/users\/1"}],"replies":[{"embeddable":true,"href":"https:\/\/www.egemtv.com\/index.php?rest_route=%2Fwp%2Fv2%2Fcomments&post=15026"}],"version-history":[{"count":1,"href":"https:\/\/www.egemtv.com\/index.php?rest_route=\/wp\/v2\/posts\/15026\/revisions"}],"predecessor-version":[{"id":15028,"href":"https:\/\/www.egemtv.com\/index.php?rest_route=\/wp\/v2\/posts\/15026\/revisions\/15028"}],"wp:featuredmedia":[{"embeddable":true,"href":"https:\/\/www.egemtv.com\/index.php?rest_route=\/wp\/v2\/media\/15027"}],"wp:attachment":[{"href":"https:\/\/www.egemtv.com\/index.php?rest_route=%2Fwp%2Fv2%2Fmedia&parent=15026"}],"wp:term":[{"taxonomy":"category","embeddable":true,"href":"https:\/\/www.egemtv.com\/index.php?rest_route=%2Fwp%2Fv2%2Fcategories&post=15026"},{"taxonomy":"post_tag","embeddable":true,"href":"https:\/\/www.egemtv.com\/index.php?rest_route=%2Fwp%2Fv2%2Ftags&post=15026"}],"curies":[{"name":"wp","href":"https:\/\/api.w.org\/{rel}","templated":true}]}}