{"id":15023,"date":"2025-02-03T16:07:09","date_gmt":"2025-02-03T13:07:09","guid":{"rendered":"https:\/\/www.egemtv.com\/?p=15023"},"modified":"2025-02-03T16:07:12","modified_gmt":"2025-02-03T13:07:12","slug":"karsiya-gecerken-carpilan-yayanin-uzerinden-araclar-gecti","status":"publish","type":"post","link":"https:\/\/www.egemtv.com\/?p=15023","title":{"rendered":"Kar\u015f\u0131ya ge\u00e7erken \u00e7arp\u0131lan yayan\u0131n \u00fczerinden ara\u00e7lar ge\u00e7ti"},"content":{"rendered":"<p>Denizli\u2019nin Ac\u0131payam il\u00e7esinde kar\u015f\u0131dan kar\u015f\u0131ya ge\u00e7meye \u00e7al\u0131\u015f\u0131rken \u00e7arp\u0131lan ya\u015fl\u0131 adam, \u00fczerinden ara\u00e7lar\u0131n ge\u00e7mesi sonucu feci \u015fekilde can verdi.<\/p>\n<p>Kaza, gece saatlerinde Denizli-Antalya karayolu Ac\u0131payam il\u00e7esi giri\u015finde meydana geldi. Edinilen bilgiye g\u00f6re; Ac\u0131payam il\u00e7esinde ikamet eden 73 ya\u015f\u0131ndaki Hasan Ko\u00e7, karayolundan kar\u015f\u0131ya ge\u00e7meye \u00e7al\u0131\u015ft\u0131\u011f\u0131 s\u0131rada bir ara\u00e7 taraf\u0131ndan \u00e7arp\u0131ld\u0131. Plakas\u0131 belirlenemeyen bir arac\u0131n \u00e7arpmas\u0131 sonucu yola savrulan ya\u015fl\u0131 adam, onu fark etmeyen baz\u0131 ara\u00e7lar\u0131n daha \u00fczerinden ge\u00e7mesi sonucu feci \u015fekilde hayat\u0131n\u0131 kaybetti.<\/p>\n<p>\u0130hbar \u00fczerine b\u00f6lgeye jandarma ve sa\u011fl\u0131k ekipleri sevk edildi. Olay yerine gelen sa\u011fl\u0131k ekipleri, ya\u015fl\u0131 adam\u0131n hayat\u0131n\u0131 kaybetti\u011fini belirledi. Kazada hayat\u0131n\u0131 kaybeden Hasan Ko\u00e7\u2019un cans\u0131z bedeni Ac\u0131payam Devlet Hastanesi morguna kald\u0131r\u0131ld\u0131. Kazayla ilgili soru\u015fturma ba\u015flat\u0131ld\u0131.<br \/><\/p>\n","protected":false},"excerpt":{"rendered":"<p>Denizli\u2019nin Ac\u0131payam il\u00e7esinde kar\u015f\u0131dan kar\u015f\u0131ya ge\u00e7meye \u00e7al\u0131\u015f\u0131rken \u00e7arp\u0131lan ya\u015fl\u0131 adam, \u00fczerinden ara\u00e7lar\u0131n ge\u00e7mesi sonucu feci \u015fekilde can verdi. Kaza, gece saatlerinde Denizli-Antalya karayolu Ac\u0131payam il\u00e7esi giri\u015finde meydana geldi. Edinilen bilgiye g\u00f6re; Ac\u0131payam il\u00e7esinde ikamet eden 73 ya\u015f\u0131ndaki Hasan Ko\u00e7, karayolundan kar\u015f\u0131ya ge\u00e7meye \u00e7al\u0131\u015ft\u0131\u011f\u0131 s\u0131rada bir ara\u00e7 taraf\u0131ndan \u00e7arp\u0131ld\u0131. Plakas\u0131 belirlenemeyen bir arac\u0131n \u00e7arpmas\u0131 sonucu yola&#8230;<\/p>\n","protected":false},"author":1,"featured_media":15024,"comment_status":"open","ping_status":"open","sticky":false,"template":"","format":"standard","meta":{"_crdt_document":"","footnotes":""},"categories":[5],"tags":[],"class_list":["post-15023","post","type-post","status-publish","format-standard","has-post-thumbnail","hentry","category-asayis"],"_links":{"self":[{"href":"https:\/\/www.egemtv.com\/index.php?rest_route=\/wp\/v2\/posts\/15023","targetHints":{"allow":["GET"]}}],"collection":[{"href":"https:\/\/www.egemtv.com\/index.php?rest_route=\/wp\/v2\/posts"}],"about":[{"href":"https:\/\/www.egemtv.com\/index.php?rest_route=\/wp\/v2\/types\/post"}],"author":[{"embeddable":true,"href":"https:\/\/www.egemtv.com\/index.php?rest_route=\/wp\/v2\/users\/1"}],"replies":[{"embeddable":true,"href":"https:\/\/www.egemtv.com\/index.php?rest_route=%2Fwp%2Fv2%2Fcomments&post=15023"}],"version-history":[{"count":1,"href":"https:\/\/www.egemtv.com\/index.php?rest_route=\/wp\/v2\/posts\/15023\/revisions"}],"predecessor-version":[{"id":15025,"href":"https:\/\/www.egemtv.com\/index.php?rest_route=\/wp\/v2\/posts\/15023\/revisions\/15025"}],"wp:featuredmedia":[{"embeddable":true,"href":"https:\/\/www.egemtv.com\/index.php?rest_route=\/wp\/v2\/media\/15024"}],"wp:attachment":[{"href":"https:\/\/www.egemtv.com\/index.php?rest_route=%2Fwp%2Fv2%2Fmedia&parent=15023"}],"wp:term":[{"taxonomy":"category","embeddable":true,"href":"https:\/\/www.egemtv.com\/index.php?rest_route=%2Fwp%2Fv2%2Fcategories&post=15023"},{"taxonomy":"post_tag","embeddable":true,"href":"https:\/\/www.egemtv.com\/index.php?rest_route=%2Fwp%2Fv2%2Ftags&post=15023"}],"curies":[{"name":"wp","href":"https:\/\/api.w.org\/{rel}","templated":true}]}}