{"id":15020,"date":"2025-02-03T16:07:01","date_gmt":"2025-02-03T13:07:01","guid":{"rendered":"https:\/\/www.egemtv.com\/?p=15020"},"modified":"2025-02-03T16:07:09","modified_gmt":"2025-02-03T13:07:09","slug":"bodrum-fkda-volkan-demirel-ile-yollar-ayrildi","status":"publish","type":"post","link":"https:\/\/www.egemtv.com\/?p=15020","title":{"rendered":"Bodrum FK\u2019da Volkan Demirel ile yollar ayr\u0131ld\u0131"},"content":{"rendered":"<p>Bodrum Futbol Kul\u00fcb\u00fc, Teknik Direkt\u00f6r Volkan Demirel ile yollar\u0131n ayr\u0131ld\u0131\u011f\u0131n\u0131 duyurdu.<br \/>\n<br \/>Bodrum FK\u2019da, Teknik Direkt\u00f6r Volkan Demirel ile yollar ayr\u0131ld\u0131. Kul\u00fcpten yap\u0131lan a\u00e7\u0131klamada, &#8220;Teknik direkt\u00f6r\u00fcm\u00fcz Volkan Demirel ile kar\u015f\u0131l\u0131kl\u0131 anla\u015farak yollar\u0131m\u0131z\u0131 ay\u0131rm\u0131\u015f bulunuyoruz. Kendisine ve ekibine te\u015fekk\u00fcr eder, bundan sonraki kariyerlerinde ba\u015far\u0131lar dileriz&#8221; ifadelerine yer verildi. Bodrum FK, Volkan Demirel y\u00f6netiminde ligde 11 ma\u00e7ta 1 galibiyet, 3 beraberlik ve 7 ma\u011flubiyet alarak, 6 puan toplad\u0131.<br \/>\n<br \/>Mu\u011fla temsilcisi, T\u00fcrkiye Kupas\u0131\u2019nda ise 2 m\u00fcsabakada 1 galibiyet, 1 beraberlik elde etti.<br \/>\n<br \/>Kul\u00fcb\u00fcn As Ba\u015fkan\u0131 Selahattin Polat da yeni bir d\u00f6neme ba\u015flad\u0131klar\u0131n\u0131 belirterek, &#8220;Bodrum FK olarak, teknik direkt\u00f6r\u00fcm\u00fcz Volkan Demirel ile kar\u015f\u0131l\u0131kl\u0131 anla\u015farak yollar\u0131m\u0131z\u0131 ay\u0131rd\u0131k. Kendisine ve ekibine katk\u0131lar\u0131 i\u00e7in te\u015fekk\u00fcr eder, kariyerlerinde ba\u015far\u0131lar dileriz. Bu yeni d\u00f6nemde, daha g\u00fc\u00e7l\u00fc ve kararl\u0131 bir \u015fekilde yolumuza devam edece\u011fiz. Taraftarlar\u0131m\u0131z\u0131 yan\u0131m\u0131zda g\u00f6rmek, g\u00fcc\u00fcm\u00fcze g\u00fc\u00e7 katmak i\u00e7in her zaman en b\u00fcy\u00fck deste\u011fimiz olmaya davet ediyoruz. Birlikte daha b\u00fcy\u00fck ba\u015far\u0131lara imza ataca\u011f\u0131z&#8221; dedi.<br \/>\n<br \/>Bodrum FK, bu hafta seyircisi \u00f6n\u00fcnde \u00e7ar\u015famba g\u00fcn\u00fc Ziraat T\u00fcrkiye Kupas\u0131\u2019nda Antalyaspor\u2019la, pazartesi g\u00fcn\u00fc de S\u00fcper Lig\u2019de G\u00f6ztepe ile kar\u015f\u0131la\u015facak.<br \/><\/p>\n","protected":false},"excerpt":{"rendered":"<p>Bodrum Futbol Kul\u00fcb\u00fc, Teknik Direkt\u00f6r Volkan Demirel ile yollar\u0131n ayr\u0131ld\u0131\u011f\u0131n\u0131 duyurdu. Bodrum FK\u2019da, Teknik Direkt\u00f6r Volkan Demirel ile yollar ayr\u0131ld\u0131. Kul\u00fcpten yap\u0131lan a\u00e7\u0131klamada, &#8220;Teknik direkt\u00f6r\u00fcm\u00fcz Volkan Demirel ile kar\u015f\u0131l\u0131kl\u0131 anla\u015farak yollar\u0131m\u0131z\u0131 ay\u0131rm\u0131\u015f bulunuyoruz. Kendisine ve ekibine te\u015fekk\u00fcr eder, bundan sonraki kariyerlerinde ba\u015far\u0131lar dileriz&#8221; ifadelerine yer verildi. Bodrum FK, Volkan Demirel y\u00f6netiminde ligde 11 ma\u00e7ta 1&#8230;<\/p>\n","protected":false},"author":1,"featured_media":15021,"comment_status":"open","ping_status":"open","sticky":false,"template":"","format":"standard","meta":{"_crdt_document":"","footnotes":""},"categories":[4],"tags":[],"class_list":["post-15020","post","type-post","status-publish","format-standard","has-post-thumbnail","hentry","category-spor"],"_links":{"self":[{"href":"https:\/\/www.egemtv.com\/index.php?rest_route=\/wp\/v2\/posts\/15020","targetHints":{"allow":["GET"]}}],"collection":[{"href":"https:\/\/www.egemtv.com\/index.php?rest_route=\/wp\/v2\/posts"}],"about":[{"href":"https:\/\/www.egemtv.com\/index.php?rest_route=\/wp\/v2\/types\/post"}],"author":[{"embeddable":true,"href":"https:\/\/www.egemtv.com\/index.php?rest_route=\/wp\/v2\/users\/1"}],"replies":[{"embeddable":true,"href":"https:\/\/www.egemtv.com\/index.php?rest_route=%2Fwp%2Fv2%2Fcomments&post=15020"}],"version-history":[{"count":1,"href":"https:\/\/www.egemtv.com\/index.php?rest_route=\/wp\/v2\/posts\/15020\/revisions"}],"predecessor-version":[{"id":15022,"href":"https:\/\/www.egemtv.com\/index.php?rest_route=\/wp\/v2\/posts\/15020\/revisions\/15022"}],"wp:featuredmedia":[{"embeddable":true,"href":"https:\/\/www.egemtv.com\/index.php?rest_route=\/wp\/v2\/media\/15021"}],"wp:attachment":[{"href":"https:\/\/www.egemtv.com\/index.php?rest_route=%2Fwp%2Fv2%2Fmedia&parent=15020"}],"wp:term":[{"taxonomy":"category","embeddable":true,"href":"https:\/\/www.egemtv.com\/index.php?rest_route=%2Fwp%2Fv2%2Fcategories&post=15020"},{"taxonomy":"post_tag","embeddable":true,"href":"https:\/\/www.egemtv.com\/index.php?rest_route=%2Fwp%2Fv2%2Ftags&post=15020"}],"curies":[{"name":"wp","href":"https:\/\/api.w.org\/{rel}","templated":true}]}}