{"id":15017,"date":"2025-02-03T15:57:16","date_gmt":"2025-02-03T12:57:16","guid":{"rendered":"https:\/\/www.egemtv.com\/?p=15017"},"modified":"2025-02-03T15:57:21","modified_gmt":"2025-02-03T12:57:21","slug":"chpli-vekiller-manisa-basiniyla-bulustu","status":"publish","type":"post","link":"https:\/\/www.egemtv.com\/?p=15017","title":{"rendered":"CHP\u2019li vekiller Manisa bas\u0131n\u0131yla bulu\u015ftu"},"content":{"rendered":"<p>Cumhuriyet Halk Partisi (CHP) Manisa Milletvekilleri Ahmet Vehbi Bak\u0131rl\u0131o\u011flu, Bekir Ba\u015fevirgen ve Selma Aliye Kavaf ile CHP Manisa \u0130l Ba\u015fkan\u0131 \u0130lksen \u00d6zalper, Manisa Gazeteciler Cemiyetinde bas\u0131n mensuplar\u0131yla bir araya gelerek bas\u0131n \u00f6zg\u00fcrl\u00fc\u011f\u00fcn\u00fcn \u00f6nemine dikkat \u00e7ekti.<br \/>\n<br \/>Manisa Gazeteciler Cemiyeti y\u00f6netimi CHP heyetini a\u011f\u0131rlad\u0131. Ge\u00e7ti\u011fimiz ay d\u00fczenlenen kurultayda Manisa Gazeteciler Cemiyeti Ba\u015fkan\u0131 se\u00e7ilen \u00d6nder Ayd\u0131n ve yeni y\u00f6netim ile bir araya gelen CHP Manisa Milletvekilleri Ahmet Vehbi Bak\u0131rl\u0131o\u011flu, Bekir Ba\u015fevirgen ve Selma Aliye Kavaf ile CHP Manisa \u0130l Ba\u015fkan\u0131 \u0130lksen \u00d6zalper g\u00fcndeminde gazetecilerin ya\u015fad\u0131\u011f\u0131 sorunlar yer ald\u0131.<br \/>\n<br \/>\u0130l Ba\u015fkan\u0131 \u00d6zalper ile CHP Manisa Milletvekilleri Bak\u0131rl\u0131o\u011flu, Ba\u015fevirgen ve Kavaf, son d\u00f6nemde gazetecilere y\u00f6nelik iktidar bask\u0131s\u0131, g\u00f6zalt\u0131 ve tutuklamalara tepki g\u00f6sterirken gazetecilere destek mesaj\u0131 verdi.<br \/>\n<br \/>Ziyarette konu\u015fan CHP Manisa \u0130l Ba\u015fkan\u0131 \u0130lksen \u00d6zalper, &#8220;Halk\u0131n haber alma \u00f6zg\u00fcrl\u00fc\u011f\u00fcn\u00fc asla k\u0131s\u0131tlayamazs\u0131n\u0131z. Her \u015fey \u00e7ok g\u00fczel olacak. Hep birlikte \u00e7ok g\u00fczel g\u00fcnler g\u00f6rece\u011fiz. Hep birlikte karanl\u0131klardan ayd\u0131nl\u0131\u011fa \u00e7\u0131kaca\u011f\u0131z&#8221; dedi.<br \/>\n<br \/>Ge\u00e7ti\u011fimiz hafta DEVA Partisinden istifa ederek CHP\u2019ye ge\u00e7en Manisa Milletvekili Kavaf ise &#8220;Vatanda\u015f\u0131n en do\u011fal hakk\u0131, haber alma \u00f6zg\u00fcrl\u00fc\u011f\u00fc. Haber alma \u00f6zg\u00fcrl\u00fc\u011f\u00fc de bas\u0131n mensuplar\u0131 vas\u0131tas\u0131yla ger\u00e7ekle\u015ftiriliyor. Bu a\u00e7\u0131dan bas\u0131n\u0131n haber yapma \u00f6zg\u00fcrl\u00fc\u011f\u00fcn\u00fcn mutlaka yasalarda belirlenmi\u015f olan \u00e7er\u00e7eve g\u00f6zetilerek sa\u011flanmas\u0131 gerekir. Su\u00e7 unsuru olu\u015fmayan eylemler, s\u00f6ylemler ve ifadeler i\u00e7in gazetecilerin tutuklanmas\u0131 ve hakk\u0131nda bir yarg\u0131 karar\u0131 olmadan, bir iddianame dahi d\u00fczenlenmeden uzun tutukluluk hallerinin devam ediyor olmas\u0131 asla kabul edilemez&#8221; ifadelerini kulland\u0131.<br \/>\n<br \/>Bas\u0131n \u00f6zg\u00fcrl\u00fc\u011f\u00fc endeksinde T\u00fcrkiye\u2019nin \u00e7ok geride oldu\u011funu ifade eden CHP Manisa Milletvekili Ahmet Vehbi Bak\u0131rl\u0131o\u011flu, &#8220;Normalde bir bat\u0131 demokrasisinde geli\u015fmi\u015f bir \u00fclkede bir y\u0131lda tart\u0131\u015ft\u0131\u011f\u0131 olaylar\u0131 biz ne yaz\u0131k ki bir hafta i\u00e7erisinde tart\u0131\u015f\u0131yoruz. Bu konuda hem biz siyaset\u00e7iler g\u00fcndemi takip etmekte \u00e7ok ciddi zorluklar \u00e7ekiyoruz hem gazeteciler ayn\u0131 zorlu\u011fu \u00e7ekiyorlard\u0131r. Bir haber yapana kadar ba\u015fka bir \u015fey \u00e7\u0131k\u0131yor, ba\u015fka geli\u015fme \u00e7\u0131k\u0131yor&#8221; diye konu\u015ftu.<br \/>\n<br \/>Bas\u0131n\u0131n her zaman yan\u0131nda olduklar\u0131n\u0131 s\u00f6yleyen Bekir Ba\u015fevirgen, &#8220;Tarafs\u0131z bas\u0131n\u0131n her zaman oldu\u011fu gibi bug\u00fcn de yan\u0131nday\u0131z. Bas\u0131n \u00f6zg\u00fcrl\u00fc\u011f\u00fc \u00e7ok s\u0131k\u0131nt\u0131l\u0131 bir s\u00fcre\u00e7te. Ge\u00e7mi\u015f d\u00f6nemlerde ayn\u0131 \u015fekildeydi ama \u015fu an had safhada. Herkes susturulsun isteniyor. Kar\u015f\u0131t s\u00f6ylem, ayk\u0131r\u0131 s\u00f6ylem, farkl\u0131 bir s\u00f6ylemin konu\u015fulmamas\u0131n\u0131 istiyor iktidar. Bas\u0131nda ya\u015fad\u0131\u011f\u0131m\u0131z, te\u011fmenler olay\u0131nda ya\u015fad\u0131\u011f\u0131m\u0131z \u015feyleri bu \u00fclke ge\u00e7mi\u015f d\u00f6nemlerde bu kadar ya\u015famam\u0131\u015ft\u0131&#8221; dedi.<br \/><\/p>\n","protected":false},"excerpt":{"rendered":"<p>Cumhuriyet Halk Partisi (CHP) Manisa Milletvekilleri Ahmet Vehbi Bak\u0131rl\u0131o\u011flu, Bekir Ba\u015fevirgen ve Selma Aliye Kavaf ile CHP Manisa \u0130l Ba\u015fkan\u0131 \u0130lksen \u00d6zalper, Manisa Gazeteciler Cemiyetinde bas\u0131n mensuplar\u0131yla bir araya gelerek bas\u0131n \u00f6zg\u00fcrl\u00fc\u011f\u00fcn\u00fcn \u00f6nemine dikkat \u00e7ekti. Manisa Gazeteciler Cemiyeti y\u00f6netimi CHP heyetini a\u011f\u0131rlad\u0131. Ge\u00e7ti\u011fimiz ay d\u00fczenlenen kurultayda Manisa Gazeteciler Cemiyeti Ba\u015fkan\u0131 se\u00e7ilen \u00d6nder Ayd\u0131n ve yeni&#8230;<\/p>\n","protected":false},"author":1,"featured_media":15018,"comment_status":"open","ping_status":"open","sticky":false,"template":"","format":"standard","meta":{"_crdt_document":"","footnotes":""},"categories":[127],"tags":[],"class_list":["post-15017","post","type-post","status-publish","format-standard","has-post-thumbnail","hentry","category-siyaset"],"_links":{"self":[{"href":"https:\/\/www.egemtv.com\/index.php?rest_route=\/wp\/v2\/posts\/15017","targetHints":{"allow":["GET"]}}],"collection":[{"href":"https:\/\/www.egemtv.com\/index.php?rest_route=\/wp\/v2\/posts"}],"about":[{"href":"https:\/\/www.egemtv.com\/index.php?rest_route=\/wp\/v2\/types\/post"}],"author":[{"embeddable":true,"href":"https:\/\/www.egemtv.com\/index.php?rest_route=\/wp\/v2\/users\/1"}],"replies":[{"embeddable":true,"href":"https:\/\/www.egemtv.com\/index.php?rest_route=%2Fwp%2Fv2%2Fcomments&post=15017"}],"version-history":[{"count":1,"href":"https:\/\/www.egemtv.com\/index.php?rest_route=\/wp\/v2\/posts\/15017\/revisions"}],"predecessor-version":[{"id":15019,"href":"https:\/\/www.egemtv.com\/index.php?rest_route=\/wp\/v2\/posts\/15017\/revisions\/15019"}],"wp:featuredmedia":[{"embeddable":true,"href":"https:\/\/www.egemtv.com\/index.php?rest_route=\/wp\/v2\/media\/15018"}],"wp:attachment":[{"href":"https:\/\/www.egemtv.com\/index.php?rest_route=%2Fwp%2Fv2%2Fmedia&parent=15017"}],"wp:term":[{"taxonomy":"category","embeddable":true,"href":"https:\/\/www.egemtv.com\/index.php?rest_route=%2Fwp%2Fv2%2Fcategories&post=15017"},{"taxonomy":"post_tag","embeddable":true,"href":"https:\/\/www.egemtv.com\/index.php?rest_route=%2Fwp%2Fv2%2Ftags&post=15017"}],"curies":[{"name":"wp","href":"https:\/\/api.w.org\/{rel}","templated":true}]}}