{"id":15014,"date":"2025-02-03T15:47:05","date_gmt":"2025-02-03T12:47:05","guid":{"rendered":"https:\/\/www.egemtv.com\/?p=15014"},"modified":"2025-02-03T15:47:09","modified_gmt":"2025-02-03T12:47:09","slug":"burdurda-motosikletten-dusen-genc-hayatini-kaybetti","status":"publish","type":"post","link":"https:\/\/www.egemtv.com\/?p=15014","title":{"rendered":"Burdur\u2019da motosikletten d\u00fc\u015fen gen\u00e7 hayat\u0131n\u0131 kaybetti"},"content":{"rendered":"<p>Burdur\u2019un G\u00f6lhisar il\u00e7esinde meydana gelen motosiklet kazas\u0131nda 29 ya\u015f\u0131ndaki gen\u00e7 hayat\u0131n\u0131 kaybetti.<br \/>\n<br \/>Kaza, saat 12.00 s\u0131ralar\u0131nda Evciler k\u00f6y\u00fc Arpa Deresi mevkiinde meydana geldi. Edinilen bilgilere g\u00f6re, plakas\u0131z motosikletiyle seyir halindeyken direksiyon h\u00e2kimiyetini kaybeden Bahri Sirel (29), motosikletinin devrilmesi sonucu a\u011f\u0131r yaraland\u0131. \u0130hbar \u00fczerine olay yerine sa\u011fl\u0131k ve jandarma ekipleri sevk edildi. A\u011f\u0131r yaral\u0131 olarak G\u00f6lhisar Devlet Hastanesi\u2019ne kald\u0131r\u0131lan Sirel, doktorlar\u0131n t\u00fcm m\u00fcdahalelerine ra\u011fmen hayat\u0131n\u0131 kaybetti.<br \/>\n<br \/>Kazayla ilgili soru\u015fturma ba\u015flat\u0131ld\u0131.<br \/><\/p>\n","protected":false},"excerpt":{"rendered":"<p>Burdur\u2019un G\u00f6lhisar il\u00e7esinde meydana gelen motosiklet kazas\u0131nda 29 ya\u015f\u0131ndaki gen\u00e7 hayat\u0131n\u0131 kaybetti. Kaza, saat 12.00 s\u0131ralar\u0131nda Evciler k\u00f6y\u00fc Arpa Deresi mevkiinde meydana geldi. Edinilen bilgilere g\u00f6re, plakas\u0131z motosikletiyle seyir halindeyken direksiyon h\u00e2kimiyetini kaybeden Bahri Sirel (29), motosikletinin devrilmesi sonucu a\u011f\u0131r yaraland\u0131. \u0130hbar \u00fczerine olay yerine sa\u011fl\u0131k ve jandarma ekipleri sevk edildi. A\u011f\u0131r yaral\u0131 olarak G\u00f6lhisar&#8230;<\/p>\n","protected":false},"author":1,"featured_media":15015,"comment_status":"open","ping_status":"open","sticky":false,"template":"","format":"standard","meta":{"_crdt_document":"","footnotes":""},"categories":[5],"tags":[],"class_list":["post-15014","post","type-post","status-publish","format-standard","has-post-thumbnail","hentry","category-asayis"],"_links":{"self":[{"href":"https:\/\/www.egemtv.com\/index.php?rest_route=\/wp\/v2\/posts\/15014","targetHints":{"allow":["GET"]}}],"collection":[{"href":"https:\/\/www.egemtv.com\/index.php?rest_route=\/wp\/v2\/posts"}],"about":[{"href":"https:\/\/www.egemtv.com\/index.php?rest_route=\/wp\/v2\/types\/post"}],"author":[{"embeddable":true,"href":"https:\/\/www.egemtv.com\/index.php?rest_route=\/wp\/v2\/users\/1"}],"replies":[{"embeddable":true,"href":"https:\/\/www.egemtv.com\/index.php?rest_route=%2Fwp%2Fv2%2Fcomments&post=15014"}],"version-history":[{"count":1,"href":"https:\/\/www.egemtv.com\/index.php?rest_route=\/wp\/v2\/posts\/15014\/revisions"}],"predecessor-version":[{"id":15016,"href":"https:\/\/www.egemtv.com\/index.php?rest_route=\/wp\/v2\/posts\/15014\/revisions\/15016"}],"wp:featuredmedia":[{"embeddable":true,"href":"https:\/\/www.egemtv.com\/index.php?rest_route=\/wp\/v2\/media\/15015"}],"wp:attachment":[{"href":"https:\/\/www.egemtv.com\/index.php?rest_route=%2Fwp%2Fv2%2Fmedia&parent=15014"}],"wp:term":[{"taxonomy":"category","embeddable":true,"href":"https:\/\/www.egemtv.com\/index.php?rest_route=%2Fwp%2Fv2%2Fcategories&post=15014"},{"taxonomy":"post_tag","embeddable":true,"href":"https:\/\/www.egemtv.com\/index.php?rest_route=%2Fwp%2Fv2%2Ftags&post=15014"}],"curies":[{"name":"wp","href":"https:\/\/api.w.org\/{rel}","templated":true}]}}