{"id":15011,"date":"2025-02-03T15:47:00","date_gmt":"2025-02-03T12:47:00","guid":{"rendered":"https:\/\/www.egemtv.com\/?p=15011"},"modified":"2025-02-03T15:47:05","modified_gmt":"2025-02-03T12:47:05","slug":"marmara-golundeki-izinsiz-ekili-alanlara-mudahale","status":"publish","type":"post","link":"https:\/\/www.egemtv.com\/?p=15011","title":{"rendered":"Marmara G\u00f6l\u00fc\u2019ndeki izinsiz ekili alanlara m\u00fcdahale"},"content":{"rendered":"<p>Manisa\u2019n\u0131n Salihli, G\u00f6lmarmara ve Saruhanl\u0131 s\u0131n\u0131rlar\u0131 i\u00e7erisinde yer alan ve k\u00fcresel iklim de\u011fi\u015fikli\u011fi nedeniyle kuruyan Marmara G\u00f6l\u00fc\u2019ndeki arazi i\u015fgallerine kar\u015f\u0131 denetimler aral\u0131ks\u0131z s\u00fcr\u00fcyor. \u0130zinsiz olarak tar\u0131m faaliyeti y\u00fcr\u00fct\u00fclen 10 bin d\u00f6n\u00fcml\u00fck alan, jandarma ekiplerinin g\u00fcvenlik \u00f6nlemleri alt\u0131nda i\u015f makineleriyle bozuldu.<br \/>\n<br \/>Yak\u0131n ge\u00e7mi\u015fte g\u00f6\u00e7men ku\u015flar\u0131n u\u011frak yeri halindeki Marmara G\u00f6l\u00fc, k\u00fcresel iklim de\u011fi\u015fikli\u011fine ba\u011fl\u0131 olarak tamamen kurudu. Kuruyan g\u00f6ldeki hazine arazilerini i\u015fgal eden \u015fah\u0131slar hem \u00e7evre k\u00f6ylerdeki vatanda\u015flar\u0131 rahats\u0131z ederken, b\u00f6lgedeki asayi\u015fi de tehdit ediyor. Bu kapsamda harekete ge\u00e7en Manisa \u0130l Jandarma Komutanl\u0131\u011f\u0131 ekipleri, Marmara G\u00f6l\u00fc arazisinde i\u015fgalleri sonland\u0131rmak \u00fczere son 1 hafta i\u00e7erisinde gerekli g\u00fcvenlik \u00f6nlemlerini alarak, DS\u0130 ait (2) greyder, Orman B\u00f6lge M\u00fcd\u00fcrl\u00fc\u011f\u00fcne ait (3) greyder, Karayollar\u0131 Genel M\u00fcd\u00fcrl\u00fc\u011f\u00fcne ait (1) greyder ile i\u015fgal sonland\u0131r\u0131lmas\u0131 faaliyeti ger\u00e7ekle\u015ftirdi. Faaliyette yakla\u015f\u0131k 10 bin d\u00f6n\u00fcm alan bozuldu. Geriye kalan ekili alanlarda bozma faaliyetinin devam etti\u011fi belirtildi.<br \/><\/p>\n","protected":false},"excerpt":{"rendered":"<p>Manisa\u2019n\u0131n Salihli, G\u00f6lmarmara ve Saruhanl\u0131 s\u0131n\u0131rlar\u0131 i\u00e7erisinde yer alan ve k\u00fcresel iklim de\u011fi\u015fikli\u011fi nedeniyle kuruyan Marmara G\u00f6l\u00fc\u2019ndeki arazi i\u015fgallerine kar\u015f\u0131 denetimler aral\u0131ks\u0131z s\u00fcr\u00fcyor. \u0130zinsiz olarak tar\u0131m faaliyeti y\u00fcr\u00fct\u00fclen 10 bin d\u00f6n\u00fcml\u00fck alan, jandarma ekiplerinin g\u00fcvenlik \u00f6nlemleri alt\u0131nda i\u015f makineleriyle bozuldu. Yak\u0131n ge\u00e7mi\u015fte g\u00f6\u00e7men ku\u015flar\u0131n u\u011frak yeri halindeki Marmara G\u00f6l\u00fc, k\u00fcresel iklim de\u011fi\u015fikli\u011fine ba\u011fl\u0131 olarak tamamen&#8230;<\/p>\n","protected":false},"author":1,"featured_media":15012,"comment_status":"open","ping_status":"open","sticky":false,"template":"","format":"standard","meta":{"_crdt_document":"","footnotes":""},"categories":[1],"tags":[],"class_list":["post-15011","post","type-post","status-publish","format-standard","has-post-thumbnail","hentry","category-guncel"],"_links":{"self":[{"href":"https:\/\/www.egemtv.com\/index.php?rest_route=\/wp\/v2\/posts\/15011","targetHints":{"allow":["GET"]}}],"collection":[{"href":"https:\/\/www.egemtv.com\/index.php?rest_route=\/wp\/v2\/posts"}],"about":[{"href":"https:\/\/www.egemtv.com\/index.php?rest_route=\/wp\/v2\/types\/post"}],"author":[{"embeddable":true,"href":"https:\/\/www.egemtv.com\/index.php?rest_route=\/wp\/v2\/users\/1"}],"replies":[{"embeddable":true,"href":"https:\/\/www.egemtv.com\/index.php?rest_route=%2Fwp%2Fv2%2Fcomments&post=15011"}],"version-history":[{"count":1,"href":"https:\/\/www.egemtv.com\/index.php?rest_route=\/wp\/v2\/posts\/15011\/revisions"}],"predecessor-version":[{"id":15013,"href":"https:\/\/www.egemtv.com\/index.php?rest_route=\/wp\/v2\/posts\/15011\/revisions\/15013"}],"wp:featuredmedia":[{"embeddable":true,"href":"https:\/\/www.egemtv.com\/index.php?rest_route=\/wp\/v2\/media\/15012"}],"wp:attachment":[{"href":"https:\/\/www.egemtv.com\/index.php?rest_route=%2Fwp%2Fv2%2Fmedia&parent=15011"}],"wp:term":[{"taxonomy":"category","embeddable":true,"href":"https:\/\/www.egemtv.com\/index.php?rest_route=%2Fwp%2Fv2%2Fcategories&post=15011"},{"taxonomy":"post_tag","embeddable":true,"href":"https:\/\/www.egemtv.com\/index.php?rest_route=%2Fwp%2Fv2%2Ftags&post=15011"}],"curies":[{"name":"wp","href":"https:\/\/api.w.org\/{rel}","templated":true}]}}