{"id":15008,"date":"2025-02-03T15:38:10","date_gmt":"2025-02-03T12:38:10","guid":{"rendered":"https:\/\/www.egemtv.com\/?p=15008"},"modified":"2025-02-03T15:38:14","modified_gmt":"2025-02-03T12:38:14","slug":"bozdogan-belediyesi-arazi-yollarinda-duzenleme-calismalarini-surduruyor","status":"publish","type":"post","link":"https:\/\/www.egemtv.com\/?p=15008","title":{"rendered":"Bozdo\u011fan Belediyesi arazi yollar\u0131nda d\u00fczenleme \u00e7al\u0131\u015fmalar\u0131n\u0131 s\u00fcrd\u00fcr\u00fcyor"},"content":{"rendered":"<p>Bozdo\u011fan Belediyesi, \u00e7ift\u00e7ilerin tar\u0131m arazilerine daha rahat ula\u015fabilmesi i\u00e7in arazi yollar\u0131nda bak\u0131m ve onar\u0131m \u00e7al\u0131\u015fmalar\u0131na h\u0131z verdi. Son d\u00f6nemde etkili olan ya\u011f\u0131\u015flar nedeniyle bozulan yollar, belediye ekipleri taraf\u0131ndan d\u00fczenlenerek \u00fcreticilerin hizmetine sunuluyor.<\/p>\n<p>Bozdo\u011fan Belediyesi Fen \u0130\u015fleri ekipleri, S\u0131rma, Yaz\u0131kent, Eymir, Ziyaretli ve Kam\u0131\u015flar mahalleleri ba\u015fta olmak \u00fczere bir\u00e7ok noktada yol d\u00fczenleme ve \u00e7ak\u0131llama \u00e7al\u0131\u015fmalar\u0131na devam ediyor. \u00c7ift\u00e7ilerden gelen talepleri dikkate alarak harekete ge\u00e7en Bozdo\u011fan Belediye Ba\u015fkan\u0131 Galip \u00d6zel, \u00fcreticilerin her zaman yan\u0131nda olduklar\u0131n\u0131 vurgulad\u0131. Ba\u015fkan \u00d6zel, &#8220;Bozdo\u011fan\u2019\u0131m\u0131z\u0131n bereketli topraklar\u0131nda emek veren \u00e7ift\u00e7ilerimizin her t\u00fcrl\u00fc ihtiyac\u0131n\u0131 kar\u015f\u0131lamak i\u00e7in \u00e7al\u0131\u015fmalar\u0131m\u0131z\u0131 s\u00fcrd\u00fcr\u00fcyoruz. \u00dcretimin ve \u00fcreticinin desteklenmesi, Bozdo\u011fan\u2019\u0131n kalk\u0131nmas\u0131 demektir. Bu bilin\u00e7le arazi yollar\u0131m\u0131z\u0131 iyile\u015ftiriyor, \u00e7ift\u00e7ilerimizin tarlalar\u0131na daha rahat ula\u015fmalar\u0131n\u0131 sa\u011fl\u0131yoruz&#8221; dedi.<\/p>\n<p>\u00c7ift\u00e7iler de belediyenin deste\u011finden duyduklar\u0131 memnuniyeti dile getirerek Ba\u015fkan Galip \u00d6zel ve ekibine te\u015fekk\u00fcr etti.<br \/><\/p>\n","protected":false},"excerpt":{"rendered":"<p>Bozdo\u011fan Belediyesi, \u00e7ift\u00e7ilerin tar\u0131m arazilerine daha rahat ula\u015fabilmesi i\u00e7in arazi yollar\u0131nda bak\u0131m ve onar\u0131m \u00e7al\u0131\u015fmalar\u0131na h\u0131z verdi. Son d\u00f6nemde etkili olan ya\u011f\u0131\u015flar nedeniyle bozulan yollar, belediye ekipleri taraf\u0131ndan d\u00fczenlenerek \u00fcreticilerin hizmetine sunuluyor. Bozdo\u011fan Belediyesi Fen \u0130\u015fleri ekipleri, S\u0131rma, Yaz\u0131kent, Eymir, Ziyaretli ve Kam\u0131\u015flar mahalleleri ba\u015fta olmak \u00fczere bir\u00e7ok noktada yol d\u00fczenleme ve \u00e7ak\u0131llama \u00e7al\u0131\u015fmalar\u0131na devam&#8230;<\/p>\n","protected":false},"author":1,"featured_media":15009,"comment_status":"open","ping_status":"open","sticky":false,"template":"","format":"standard","meta":{"_crdt_document":"","footnotes":""},"categories":[1],"tags":[],"class_list":["post-15008","post","type-post","status-publish","format-standard","has-post-thumbnail","hentry","category-guncel"],"_links":{"self":[{"href":"https:\/\/www.egemtv.com\/index.php?rest_route=\/wp\/v2\/posts\/15008","targetHints":{"allow":["GET"]}}],"collection":[{"href":"https:\/\/www.egemtv.com\/index.php?rest_route=\/wp\/v2\/posts"}],"about":[{"href":"https:\/\/www.egemtv.com\/index.php?rest_route=\/wp\/v2\/types\/post"}],"author":[{"embeddable":true,"href":"https:\/\/www.egemtv.com\/index.php?rest_route=\/wp\/v2\/users\/1"}],"replies":[{"embeddable":true,"href":"https:\/\/www.egemtv.com\/index.php?rest_route=%2Fwp%2Fv2%2Fcomments&post=15008"}],"version-history":[{"count":1,"href":"https:\/\/www.egemtv.com\/index.php?rest_route=\/wp\/v2\/posts\/15008\/revisions"}],"predecessor-version":[{"id":15010,"href":"https:\/\/www.egemtv.com\/index.php?rest_route=\/wp\/v2\/posts\/15008\/revisions\/15010"}],"wp:featuredmedia":[{"embeddable":true,"href":"https:\/\/www.egemtv.com\/index.php?rest_route=\/wp\/v2\/media\/15009"}],"wp:attachment":[{"href":"https:\/\/www.egemtv.com\/index.php?rest_route=%2Fwp%2Fv2%2Fmedia&parent=15008"}],"wp:term":[{"taxonomy":"category","embeddable":true,"href":"https:\/\/www.egemtv.com\/index.php?rest_route=%2Fwp%2Fv2%2Fcategories&post=15008"},{"taxonomy":"post_tag","embeddable":true,"href":"https:\/\/www.egemtv.com\/index.php?rest_route=%2Fwp%2Fv2%2Ftags&post=15008"}],"curies":[{"name":"wp","href":"https:\/\/api.w.org\/{rel}","templated":true}]}}