{"id":15005,"date":"2025-02-03T15:36:08","date_gmt":"2025-02-03T12:36:08","guid":{"rendered":"https:\/\/www.egemtv.com\/?p=15005"},"modified":"2025-02-03T15:36:15","modified_gmt":"2025-02-03T12:36:15","slug":"koycegiz-ilce-milli-egitim-muduru-karahan-miniklerle-ikinci-donemi-baslatti","status":"publish","type":"post","link":"https:\/\/www.egemtv.com\/?p=15005","title":{"rendered":"K\u00f6yce\u011fiz \u0130l\u00e7e Milli E\u011fitim M\u00fcd\u00fcr\u00fc Karahan, miniklerle ikinci d\u00f6nemi ba\u015flatt\u0131"},"content":{"rendered":"<p>Mu\u011fla\u2019n\u0131n K\u00f6yce\u011fiz il\u00e7esinde t\u00fcm yurtta oldu\u011fu gibi ikinci e\u011fitim d\u00f6neminin ilk ders zili \u00e7ald\u0131 ve okullar a\u00e7\u0131ld\u0131. K\u00f6yce\u011fiz \u0130l\u00e7e Milli E\u011fitim M\u00fcd\u00fcr\u00fc Kerem Karahan da, ikinci d\u00f6nemin ilk g\u00fcn\u00fcnde Fehmi Ba\u015fo\u011flu \u0130lkokulu\u2019na ba\u011fl\u0131 Ye\u015filk\u00f6y Anas\u0131n\u0131f\u0131\u2019n\u0131 ziyaret ederek, \u00f6\u011frencileri hediyelerle kar\u015f\u0131lay\u0131p heyecanlar\u0131na ortak oldu.<\/p>\n<p>K\u00f6yce\u011fiz \u0130l\u00e7e Milli E\u011fitim M\u00fcd\u00fcr\u00fc Kerem Karahan, minik \u00f6\u011frencilerin derslerine e\u015flik ederek \u00f6\u011frencilerle tatil d\u00f6n\u00fc\u015f\u00fc sohbet etti. Miniklerle ikinci e\u011fitim d\u00f6nemini ba\u015flatan K\u00f6yce\u011fiz \u0130l\u00e7e Milli E\u011fitim M\u00fcd\u00fcr\u00fc Kerem Karahan, &#8220;\u00dclkemizde ve \u0130l\u00e7emizde 15 g\u00fcnl\u00fck tatil sonras\u0131 tekrar e\u011fitime ba\u015flayan \u00f6\u011fretmen, \u00f6\u011frenci ve velilerimiz i\u00e7in II. D\u00f6nemin hay\u0131rl\u0131 ve ba\u015far\u0131l\u0131 olmas\u0131n\u0131 dilerim&#8221; dedi.<br \/><\/p>\n","protected":false},"excerpt":{"rendered":"<p>Mu\u011fla\u2019n\u0131n K\u00f6yce\u011fiz il\u00e7esinde t\u00fcm yurtta oldu\u011fu gibi ikinci e\u011fitim d\u00f6neminin ilk ders zili \u00e7ald\u0131 ve okullar a\u00e7\u0131ld\u0131. K\u00f6yce\u011fiz \u0130l\u00e7e Milli E\u011fitim M\u00fcd\u00fcr\u00fc Kerem Karahan da, ikinci d\u00f6nemin ilk g\u00fcn\u00fcnde Fehmi Ba\u015fo\u011flu \u0130lkokulu\u2019na ba\u011fl\u0131 Ye\u015filk\u00f6y Anas\u0131n\u0131f\u0131\u2019n\u0131 ziyaret ederek, \u00f6\u011frencileri hediyelerle kar\u015f\u0131lay\u0131p heyecanlar\u0131na ortak oldu. K\u00f6yce\u011fiz \u0130l\u00e7e Milli E\u011fitim M\u00fcd\u00fcr\u00fc Kerem Karahan, minik \u00f6\u011frencilerin derslerine e\u015flik ederek&#8230;<\/p>\n","protected":false},"author":1,"featured_media":15006,"comment_status":"open","ping_status":"open","sticky":false,"template":"","format":"standard","meta":{"_crdt_document":"","footnotes":""},"categories":[1],"tags":[],"class_list":["post-15005","post","type-post","status-publish","format-standard","has-post-thumbnail","hentry","category-guncel"],"_links":{"self":[{"href":"https:\/\/www.egemtv.com\/index.php?rest_route=\/wp\/v2\/posts\/15005","targetHints":{"allow":["GET"]}}],"collection":[{"href":"https:\/\/www.egemtv.com\/index.php?rest_route=\/wp\/v2\/posts"}],"about":[{"href":"https:\/\/www.egemtv.com\/index.php?rest_route=\/wp\/v2\/types\/post"}],"author":[{"embeddable":true,"href":"https:\/\/www.egemtv.com\/index.php?rest_route=\/wp\/v2\/users\/1"}],"replies":[{"embeddable":true,"href":"https:\/\/www.egemtv.com\/index.php?rest_route=%2Fwp%2Fv2%2Fcomments&post=15005"}],"version-history":[{"count":1,"href":"https:\/\/www.egemtv.com\/index.php?rest_route=\/wp\/v2\/posts\/15005\/revisions"}],"predecessor-version":[{"id":15007,"href":"https:\/\/www.egemtv.com\/index.php?rest_route=\/wp\/v2\/posts\/15005\/revisions\/15007"}],"wp:featuredmedia":[{"embeddable":true,"href":"https:\/\/www.egemtv.com\/index.php?rest_route=\/wp\/v2\/media\/15006"}],"wp:attachment":[{"href":"https:\/\/www.egemtv.com\/index.php?rest_route=%2Fwp%2Fv2%2Fmedia&parent=15005"}],"wp:term":[{"taxonomy":"category","embeddable":true,"href":"https:\/\/www.egemtv.com\/index.php?rest_route=%2Fwp%2Fv2%2Fcategories&post=15005"},{"taxonomy":"post_tag","embeddable":true,"href":"https:\/\/www.egemtv.com\/index.php?rest_route=%2Fwp%2Fv2%2Ftags&post=15005"}],"curies":[{"name":"wp","href":"https:\/\/api.w.org\/{rel}","templated":true}]}}