{"id":15002,"date":"2025-02-03T15:29:53","date_gmt":"2025-02-03T12:29:53","guid":{"rendered":"https:\/\/www.egemtv.com\/?p=15002"},"modified":"2025-02-03T15:29:58","modified_gmt":"2025-02-03T12:29:58","slug":"sehzadeler-zabitasindan-kaldirim-isgaline-siki-denetim","status":"publish","type":"post","link":"https:\/\/www.egemtv.com\/?p=15002","title":{"rendered":"\u015eehzadeler Zab\u0131tas\u0131ndan kald\u0131r\u0131m i\u015fgaline s\u0131k\u0131 denetim"},"content":{"rendered":"<p>\u015eehzadeler Belediyesi Zab\u0131ta ekipleri, Alaybey Mahallesi\u2019nde i\u015fgaliye denetimi ger\u00e7ekle\u015ftirdi. Kald\u0131r\u0131mlar\u0131 ve kamusal alanlar\u0131 i\u015fgal eden unsurlara y\u00f6nelik yap\u0131lan denetimlerde, esnafa kurallara uymalar\u0131 konusunda uyar\u0131larda bulunuldu.<br \/>\n<br \/>Vatanda\u015flar\u0131n rahat ve g\u00fcvenli bir \u015fekilde y\u00fcr\u00fcyebilmeleri i\u00e7in ger\u00e7ekle\u015ftirilen denetimlerde, mevzuata ayk\u0131r\u0131 kullan\u0131m tespit edilen noktalarda gerekli i\u015flemler yap\u0131ld\u0131. Zab\u0131ta ekipleri, i\u015fgaliye kurallar\u0131na uyulmas\u0131n\u0131n \u00f6nemine dikkat \u00e7ekerek, denetimlerin d\u00fczenli olarak devam edece\u011fini belirtti. \u015eehzadeler Belediye Ba\u015fkan\u0131 G\u00fcl\u015fah Durbay, konuya ili\u015fkin yapt\u0131\u011f\u0131 a\u00e7\u0131klamada, &#8220;\u015eehzadeler\u2019de d\u00fczenli ve ya\u015fanabilir bir \u015fehir ortam\u0131 olu\u015fturmak i\u00e7in \u00e7al\u0131\u015fmalar\u0131m\u0131za aral\u0131ks\u0131z devam ediyoruz. Kald\u0131r\u0131mlar\u0131n yayalara ait oldu\u011funu unutmadan, esnaf\u0131m\u0131z\u0131n da kurallara uygun hareket etmesini bekliyoruz. Vatanda\u015flar\u0131m\u0131z\u0131n huzuru ve g\u00fcvenli\u011fi bizim \u00f6nceli\u011fimizdir&#8221; dedi.<br \/>\n<br \/>Belediye yetkilileri, halk\u0131n ortak kullan\u0131m alanlar\u0131n\u0131n korunmas\u0131 i\u00e7in esnaflar\u0131n ve vatanda\u015flar\u0131n duyarl\u0131 olmas\u0131n\u0131 isterken, kurallara uymayanlara yasal i\u015flem uygulanaca\u011f\u0131n\u0131 vurgulad\u0131.<br \/><\/p>\n","protected":false},"excerpt":{"rendered":"<p>\u015eehzadeler Belediyesi Zab\u0131ta ekipleri, Alaybey Mahallesi\u2019nde i\u015fgaliye denetimi ger\u00e7ekle\u015ftirdi. Kald\u0131r\u0131mlar\u0131 ve kamusal alanlar\u0131 i\u015fgal eden unsurlara y\u00f6nelik yap\u0131lan denetimlerde, esnafa kurallara uymalar\u0131 konusunda uyar\u0131larda bulunuldu. Vatanda\u015flar\u0131n rahat ve g\u00fcvenli bir \u015fekilde y\u00fcr\u00fcyebilmeleri i\u00e7in ger\u00e7ekle\u015ftirilen denetimlerde, mevzuata ayk\u0131r\u0131 kullan\u0131m tespit edilen noktalarda gerekli i\u015flemler yap\u0131ld\u0131. Zab\u0131ta ekipleri, i\u015fgaliye kurallar\u0131na uyulmas\u0131n\u0131n \u00f6nemine dikkat \u00e7ekerek, denetimlerin d\u00fczenli olarak&#8230;<\/p>\n","protected":false},"author":1,"featured_media":15003,"comment_status":"open","ping_status":"open","sticky":false,"template":"","format":"standard","meta":{"_crdt_document":"","footnotes":""},"categories":[5],"tags":[],"class_list":["post-15002","post","type-post","status-publish","format-standard","has-post-thumbnail","hentry","category-asayis"],"_links":{"self":[{"href":"https:\/\/www.egemtv.com\/index.php?rest_route=\/wp\/v2\/posts\/15002","targetHints":{"allow":["GET"]}}],"collection":[{"href":"https:\/\/www.egemtv.com\/index.php?rest_route=\/wp\/v2\/posts"}],"about":[{"href":"https:\/\/www.egemtv.com\/index.php?rest_route=\/wp\/v2\/types\/post"}],"author":[{"embeddable":true,"href":"https:\/\/www.egemtv.com\/index.php?rest_route=\/wp\/v2\/users\/1"}],"replies":[{"embeddable":true,"href":"https:\/\/www.egemtv.com\/index.php?rest_route=%2Fwp%2Fv2%2Fcomments&post=15002"}],"version-history":[{"count":1,"href":"https:\/\/www.egemtv.com\/index.php?rest_route=\/wp\/v2\/posts\/15002\/revisions"}],"predecessor-version":[{"id":15004,"href":"https:\/\/www.egemtv.com\/index.php?rest_route=\/wp\/v2\/posts\/15002\/revisions\/15004"}],"wp:featuredmedia":[{"embeddable":true,"href":"https:\/\/www.egemtv.com\/index.php?rest_route=\/wp\/v2\/media\/15003"}],"wp:attachment":[{"href":"https:\/\/www.egemtv.com\/index.php?rest_route=%2Fwp%2Fv2%2Fmedia&parent=15002"}],"wp:term":[{"taxonomy":"category","embeddable":true,"href":"https:\/\/www.egemtv.com\/index.php?rest_route=%2Fwp%2Fv2%2Fcategories&post=15002"},{"taxonomy":"post_tag","embeddable":true,"href":"https:\/\/www.egemtv.com\/index.php?rest_route=%2Fwp%2Fv2%2Ftags&post=15002"}],"curies":[{"name":"wp","href":"https:\/\/api.w.org\/{rel}","templated":true}]}}