{"id":14999,"date":"2025-02-03T15:17:16","date_gmt":"2025-02-03T12:17:16","guid":{"rendered":"https:\/\/www.egemtv.com\/?p=14999"},"modified":"2025-02-03T15:17:22","modified_gmt":"2025-02-03T12:17:22","slug":"baba-okulu-seminerlerinde-yeni-donem-basladi","status":"publish","type":"post","link":"https:\/\/www.egemtv.com\/?p=14999","title":{"rendered":"&#8220;Baba Okulu&#8221; seminerlerinde yeni d\u00f6nem ba\u015flad\u0131"},"content":{"rendered":"<p>Diyanet \u0130\u015fleri Ba\u015fkanl\u0131\u011f\u0131n\u0131n hayata ge\u00e7irdi\u011fi proje \u00e7er\u00e7evesinde Afyonkarahisar \u0130l M\u00fcft\u00fcl\u00fc\u011f\u00fc Aile ve Dini Rehberlik Merkezinin haz\u0131rlam\u0131\u015f oldu\u011fu ikinci d\u00f6nem &#8220;Baba Okulu&#8221; semineri ba\u015flad\u0131.<br \/>\n<br \/>Diyanet \u0130\u015fleri Ba\u015fkanl\u0131\u011f\u0131, ailenin kurulmas\u0131, korunmas\u0131 ve sa\u011fl\u0131kl\u0131 bir \u015fekilde s\u00fcrd\u00fcr\u00fclmesine y\u00f6nelik \u00e7al\u0131\u015fmalar kapsam\u0131nda sahih dini bilgi, milli ve manevi de\u011ferler \u00e7er\u00e7evesinde aile fertlerine y\u00f6nelik, e\u011fitim i\u00e7erikli fark\u0131ndal\u0131k programlar\u0131 ger\u00e7ekle\u015ftirmeye devam ediyor. Bu \u00e7er\u00e7evede Kur\u2019an ve S\u00fcnnet temelinde ailede hak ve sorumluluklar a\u00e7\u0131s\u0131ndan baba olman\u0131n \u00f6nemi anlat\u0131ld\u0131. \u0130l M\u00fcft\u00fcs\u00fc L\u00fctf\u00fc \u0130mamo\u011flu &#8220;\u00c7ocu\u011fun Geli\u015fiminde Baban\u0131n Rol\u00fc&#8221;, \u0130l Vaizi Mehmet Emin Akp\u0131nar taraf\u0131ndan da &#8220;Kur\u2019an-\u0131 Kerim\u2019de Baba \u00d6rnekleri&#8221; konular\u0131 anlat\u0131ld\u0131.<br \/><\/p>\n","protected":false},"excerpt":{"rendered":"<p>Diyanet \u0130\u015fleri Ba\u015fkanl\u0131\u011f\u0131n\u0131n hayata ge\u00e7irdi\u011fi proje \u00e7er\u00e7evesinde Afyonkarahisar \u0130l M\u00fcft\u00fcl\u00fc\u011f\u00fc Aile ve Dini Rehberlik Merkezinin haz\u0131rlam\u0131\u015f oldu\u011fu ikinci d\u00f6nem &#8220;Baba Okulu&#8221; semineri ba\u015flad\u0131. Diyanet \u0130\u015fleri Ba\u015fkanl\u0131\u011f\u0131, ailenin kurulmas\u0131, korunmas\u0131 ve sa\u011fl\u0131kl\u0131 bir \u015fekilde s\u00fcrd\u00fcr\u00fclmesine y\u00f6nelik \u00e7al\u0131\u015fmalar kapsam\u0131nda sahih dini bilgi, milli ve manevi de\u011ferler \u00e7er\u00e7evesinde aile fertlerine y\u00f6nelik, e\u011fitim i\u00e7erikli fark\u0131ndal\u0131k programlar\u0131 ger\u00e7ekle\u015ftirmeye devam ediyor&#8230;.<\/p>\n","protected":false},"author":1,"featured_media":15000,"comment_status":"open","ping_status":"open","sticky":false,"template":"","format":"standard","meta":{"_crdt_document":"","footnotes":""},"categories":[1],"tags":[],"class_list":["post-14999","post","type-post","status-publish","format-standard","has-post-thumbnail","hentry","category-guncel"],"_links":{"self":[{"href":"https:\/\/www.egemtv.com\/index.php?rest_route=\/wp\/v2\/posts\/14999","targetHints":{"allow":["GET"]}}],"collection":[{"href":"https:\/\/www.egemtv.com\/index.php?rest_route=\/wp\/v2\/posts"}],"about":[{"href":"https:\/\/www.egemtv.com\/index.php?rest_route=\/wp\/v2\/types\/post"}],"author":[{"embeddable":true,"href":"https:\/\/www.egemtv.com\/index.php?rest_route=\/wp\/v2\/users\/1"}],"replies":[{"embeddable":true,"href":"https:\/\/www.egemtv.com\/index.php?rest_route=%2Fwp%2Fv2%2Fcomments&post=14999"}],"version-history":[{"count":1,"href":"https:\/\/www.egemtv.com\/index.php?rest_route=\/wp\/v2\/posts\/14999\/revisions"}],"predecessor-version":[{"id":15001,"href":"https:\/\/www.egemtv.com\/index.php?rest_route=\/wp\/v2\/posts\/14999\/revisions\/15001"}],"wp:featuredmedia":[{"embeddable":true,"href":"https:\/\/www.egemtv.com\/index.php?rest_route=\/wp\/v2\/media\/15000"}],"wp:attachment":[{"href":"https:\/\/www.egemtv.com\/index.php?rest_route=%2Fwp%2Fv2%2Fmedia&parent=14999"}],"wp:term":[{"taxonomy":"category","embeddable":true,"href":"https:\/\/www.egemtv.com\/index.php?rest_route=%2Fwp%2Fv2%2Fcategories&post=14999"},{"taxonomy":"post_tag","embeddable":true,"href":"https:\/\/www.egemtv.com\/index.php?rest_route=%2Fwp%2Fv2%2Ftags&post=14999"}],"curies":[{"name":"wp","href":"https:\/\/api.w.org\/{rel}","templated":true}]}}