{"id":14996,"date":"2025-02-03T15:17:11","date_gmt":"2025-02-03T12:17:11","guid":{"rendered":"https:\/\/www.egemtv.com\/?p=14996"},"modified":"2025-02-03T15:17:16","modified_gmt":"2025-02-03T12:17:16","slug":"basmufettis-tunctan-mudur-sunnetciye-ziyaret","status":"publish","type":"post","link":"https:\/\/www.egemtv.com\/?p=14996","title":{"rendered":"Ba\u015fm\u00fcfetti\u015f Tun\u00e7\u2019tan M\u00fcd\u00fcr S\u00fcnnetci\u2019ye ziyaret"},"content":{"rendered":"<p>Milli E\u011fitim Bakanl\u0131\u011f\u0131 Ba\u015fm\u00fcfetti\u015fi Orhan Tun\u00e7, Afyonkarahisar ziyaretinde \u0130l Milli E\u011fitim M\u00fcd\u00fcr\u00fc Mira\u00e7 S\u00fcnnetci\u2019yi ziyaret etti.<br \/>\n<br \/>Tun\u00e7 ziyaretinde, Afyonkarahisar\u2019da bir tak\u0131m inceleme ve denetimlerde bulunarak, yeni e\u011fitim \u00f6\u011fretim d\u00f6nemi \u00fczerine isti\u015farelerde bulundu. Ziyarette Bakanl\u0131k Ba\u015fm\u00fcfetti\u015fi Orhan Tun\u00e7\u2019a M\u00fcd\u00fcr Yard\u0131mc\u0131s\u0131 Fatih Ak\u00e7il ve \u015eube M\u00fcd\u00fcr\u00fc Hayati Duman e\u015flik etti.<br \/><\/p>\n","protected":false},"excerpt":{"rendered":"<p>Milli E\u011fitim Bakanl\u0131\u011f\u0131 Ba\u015fm\u00fcfetti\u015fi Orhan Tun\u00e7, Afyonkarahisar ziyaretinde \u0130l Milli E\u011fitim M\u00fcd\u00fcr\u00fc Mira\u00e7 S\u00fcnnetci\u2019yi ziyaret etti. Tun\u00e7 ziyaretinde, Afyonkarahisar\u2019da bir tak\u0131m inceleme ve denetimlerde bulunarak, yeni e\u011fitim \u00f6\u011fretim d\u00f6nemi \u00fczerine isti\u015farelerde bulundu. Ziyarette Bakanl\u0131k Ba\u015fm\u00fcfetti\u015fi Orhan Tun\u00e7\u2019a M\u00fcd\u00fcr Yard\u0131mc\u0131s\u0131 Fatih Ak\u00e7il ve \u015eube M\u00fcd\u00fcr\u00fc Hayati Duman e\u015flik etti.<\/p>\n","protected":false},"author":1,"featured_media":14997,"comment_status":"open","ping_status":"open","sticky":false,"template":"","format":"standard","meta":{"_crdt_document":"","footnotes":""},"categories":[1],"tags":[],"class_list":["post-14996","post","type-post","status-publish","format-standard","has-post-thumbnail","hentry","category-guncel"],"_links":{"self":[{"href":"https:\/\/www.egemtv.com\/index.php?rest_route=\/wp\/v2\/posts\/14996","targetHints":{"allow":["GET"]}}],"collection":[{"href":"https:\/\/www.egemtv.com\/index.php?rest_route=\/wp\/v2\/posts"}],"about":[{"href":"https:\/\/www.egemtv.com\/index.php?rest_route=\/wp\/v2\/types\/post"}],"author":[{"embeddable":true,"href":"https:\/\/www.egemtv.com\/index.php?rest_route=\/wp\/v2\/users\/1"}],"replies":[{"embeddable":true,"href":"https:\/\/www.egemtv.com\/index.php?rest_route=%2Fwp%2Fv2%2Fcomments&post=14996"}],"version-history":[{"count":1,"href":"https:\/\/www.egemtv.com\/index.php?rest_route=\/wp\/v2\/posts\/14996\/revisions"}],"predecessor-version":[{"id":14998,"href":"https:\/\/www.egemtv.com\/index.php?rest_route=\/wp\/v2\/posts\/14996\/revisions\/14998"}],"wp:featuredmedia":[{"embeddable":true,"href":"https:\/\/www.egemtv.com\/index.php?rest_route=\/wp\/v2\/media\/14997"}],"wp:attachment":[{"href":"https:\/\/www.egemtv.com\/index.php?rest_route=%2Fwp%2Fv2%2Fmedia&parent=14996"}],"wp:term":[{"taxonomy":"category","embeddable":true,"href":"https:\/\/www.egemtv.com\/index.php?rest_route=%2Fwp%2Fv2%2Fcategories&post=14996"},{"taxonomy":"post_tag","embeddable":true,"href":"https:\/\/www.egemtv.com\/index.php?rest_route=%2Fwp%2Fv2%2Ftags&post=14996"}],"curies":[{"name":"wp","href":"https:\/\/api.w.org\/{rel}","templated":true}]}}