{"id":14987,"date":"2025-02-03T14:54:56","date_gmt":"2025-02-03T11:54:56","guid":{"rendered":"https:\/\/www.egemtv.com\/?p=14987"},"modified":"2025-02-03T14:55:02","modified_gmt":"2025-02-03T11:55:02","slug":"turgutlu-belediyesinden-6-subat-depremleri-hatirlatmasi","status":"publish","type":"post","link":"https:\/\/www.egemtv.com\/?p=14987","title":{"rendered":"Turgutlu Belediyesinden 6 \u015eubat depremleri hat\u0131rlatmas\u0131"},"content":{"rendered":"<p>Turgutlu Belediyesi, 6 \u015eubat Kahramanmara\u015f merkezli depremlerinin y\u0131l d\u00f6n\u00fcm\u00fc yakla\u015f\u0131rken, vatanda\u015flara deprem ger\u00e7e\u011fini unutmamalar\u0131 ve olabilecek afetlere kar\u015f\u0131 haz\u0131rl\u0131kl\u0131 olmalar\u0131 konusunda uyar\u0131da bulundu. Bu kapsamda, Turgutlu\u2019da olabilecek bir deprem durumunda kullan\u0131labilecek g\u00fcvenli toplanma alanlar\u0131n\u0131n bilgisi payla\u015f\u0131ld\u0131.<br \/>\n<br \/>Turgutlu Belediyesi, asr\u0131n felaketi olarak adland\u0131r\u0131lan Kahramanmara\u015f merkezli 6 \u015eubat depreminin y\u0131l d\u00f6n\u00fcm\u00fc yakla\u015f\u0131rken, Turgutlulu vatanda\u015flara deprem ger\u00e7e\u011fini unutmamalar\u0131 ve afetlere kar\u015f\u0131 haz\u0131rl\u0131kl\u0131 olmalar\u0131 y\u00f6n\u00fcnde \u00e7a\u011fr\u0131da bulundu. Yap\u0131lan a\u00e7\u0131klamada, olabilecek bir depreme kar\u015f\u0131 bilin\u00e7li ve tedbirli olman\u0131n hayati \u00f6nem ta\u015f\u0131d\u0131\u011f\u0131 vurguland\u0131. Belediye yetkilileri, deprem an\u0131nda panik ya\u015fanmamas\u0131 ve g\u00fcvenli tahliye sa\u011flanabilmesi i\u00e7in il\u00e7ede belirlenen toplanma alanlar\u0131n\u0131n vatanda\u015flar taraf\u0131ndan \u00f6nceden bilinmesi gerekti\u011fini belirtti.<br \/>\n<br \/>Turgutlu Belediyesi taraf\u0131ndan yap\u0131lan uyar\u0131da, &#8220;Kahramanmara\u015f merkezli 6 \u015eubat depremlerinin y\u0131l d\u00f6n\u00fcm\u00fc yakla\u015f\u0131rken, \u00fclkemizin deprem ger\u00e7e\u011fini unutmamam\u0131z gerekti\u011fini bir kez daha hat\u0131rlatmak istiyoruz. Afetlere kar\u015f\u0131 bilin\u00e7li ve haz\u0131rl\u0131kl\u0131 olmak hepimiz i\u00e7in hayati \u00f6nem ta\u015f\u0131yor. Bu do\u011frultuda, Turgutlu\u2019muzda olabilecek bir deprem an\u0131nda toplanabilece\u011finiz g\u00fcvenli alanlar\u0131n bilgisi ilgili g\u00f6rsellerde yer al\u0131yor. Acil durumlarda h\u0131zl\u0131 ve g\u00fcvenli hareket edebilmek i\u00e7in bu alanlar\u0131 \u00f6nceden incelemenizi, deprem \u00e7antan\u0131z\u0131 ki\u015fisel ihtiya\u00e7lar\u0131n\u0131za g\u00f6re haz\u0131rlaman\u0131z\u0131 ve hayat \u00fc\u00e7geni ilkesini hat\u0131rlayarak gerekli tedbirleri alman\u0131z\u0131 tavsiye ediyoruz. Tedbirli olmak hayat kurtar\u0131r&#8221; denildi.<br \/><\/p>\n","protected":false},"excerpt":{"rendered":"<p>Turgutlu Belediyesi, 6 \u015eubat Kahramanmara\u015f merkezli depremlerinin y\u0131l d\u00f6n\u00fcm\u00fc yakla\u015f\u0131rken, vatanda\u015flara deprem ger\u00e7e\u011fini unutmamalar\u0131 ve olabilecek afetlere kar\u015f\u0131 haz\u0131rl\u0131kl\u0131 olmalar\u0131 konusunda uyar\u0131da bulundu. Bu kapsamda, Turgutlu\u2019da olabilecek bir deprem durumunda kullan\u0131labilecek g\u00fcvenli toplanma alanlar\u0131n\u0131n bilgisi payla\u015f\u0131ld\u0131. Turgutlu Belediyesi, asr\u0131n felaketi olarak adland\u0131r\u0131lan Kahramanmara\u015f merkezli 6 \u015eubat depreminin y\u0131l d\u00f6n\u00fcm\u00fc yakla\u015f\u0131rken, Turgutlulu vatanda\u015flara deprem ger\u00e7e\u011fini unutmamalar\u0131&#8230;<\/p>\n","protected":false},"author":1,"featured_media":14988,"comment_status":"open","ping_status":"open","sticky":false,"template":"","format":"standard","meta":{"_crdt_document":"","footnotes":""},"categories":[1],"tags":[],"class_list":["post-14987","post","type-post","status-publish","format-standard","has-post-thumbnail","hentry","category-guncel"],"_links":{"self":[{"href":"https:\/\/www.egemtv.com\/index.php?rest_route=\/wp\/v2\/posts\/14987","targetHints":{"allow":["GET"]}}],"collection":[{"href":"https:\/\/www.egemtv.com\/index.php?rest_route=\/wp\/v2\/posts"}],"about":[{"href":"https:\/\/www.egemtv.com\/index.php?rest_route=\/wp\/v2\/types\/post"}],"author":[{"embeddable":true,"href":"https:\/\/www.egemtv.com\/index.php?rest_route=\/wp\/v2\/users\/1"}],"replies":[{"embeddable":true,"href":"https:\/\/www.egemtv.com\/index.php?rest_route=%2Fwp%2Fv2%2Fcomments&post=14987"}],"version-history":[{"count":1,"href":"https:\/\/www.egemtv.com\/index.php?rest_route=\/wp\/v2\/posts\/14987\/revisions"}],"predecessor-version":[{"id":14989,"href":"https:\/\/www.egemtv.com\/index.php?rest_route=\/wp\/v2\/posts\/14987\/revisions\/14989"}],"wp:featuredmedia":[{"embeddable":true,"href":"https:\/\/www.egemtv.com\/index.php?rest_route=\/wp\/v2\/media\/14988"}],"wp:attachment":[{"href":"https:\/\/www.egemtv.com\/index.php?rest_route=%2Fwp%2Fv2%2Fmedia&parent=14987"}],"wp:term":[{"taxonomy":"category","embeddable":true,"href":"https:\/\/www.egemtv.com\/index.php?rest_route=%2Fwp%2Fv2%2Fcategories&post=14987"},{"taxonomy":"post_tag","embeddable":true,"href":"https:\/\/www.egemtv.com\/index.php?rest_route=%2Fwp%2Fv2%2Ftags&post=14987"}],"curies":[{"name":"wp","href":"https:\/\/api.w.org\/{rel}","templated":true}]}}