{"id":14980,"date":"2025-02-03T14:46:25","date_gmt":"2025-02-03T11:46:25","guid":{"rendered":"https:\/\/www.egemtv.com\/?p=14980"},"modified":"2025-02-03T14:46:31","modified_gmt":"2025-02-03T11:46:31","slug":"manisa-fknin-genc-file-bekcisi-orhan-kursun-edirnesporda","status":"publish","type":"post","link":"https:\/\/www.egemtv.com\/?p=14980","title":{"rendered":"Manisa FK\u2019n\u0131n gen\u00e7 file bek\u00e7isi Orhan Kur\u015fun, Edirnespor\u2019da"},"content":{"rendered":"<p>Manisa FK, 2023 y\u0131l\u0131nda Bursa Y\u0131ld\u0131r\u0131mspor\u2019dan 4,5 y\u0131ll\u0131k s\u00f6zle\u015fme imzalayarak kadrosuna katt\u0131\u011f\u0131 gen\u00e7 kalecisi Orhan Kur\u015fun\u2019un ge\u00e7ici transferi konusunda Edirnespor ile anla\u015fmaya var\u0131ld\u0131\u011f\u0131n\u0131 a\u00e7\u0131klad\u0131.<br \/>\n<br \/>Trendyol 1. Lig ekiplerinden Manisa FK\u2019n\u0131n gen\u00e7 file bek\u00e7isi Orhan Kur\u015fun\u2019un ge\u00e7ici transferi konusunda 3. Lig D Grubu ekiplerinden Edirnespor ile anla\u015f\u0131ld\u0131\u011f\u0131 a\u00e7\u0131kland\u0131. Manisa FK\u2019dan yap\u0131lan a\u00e7\u0131klamada, &#8220;Kul\u00fcb\u00fcm\u00fcz\u00fcn kalecilerinden biri olan 2002 do\u011fumlu Orhan Kur\u015fun\u2019un ge\u00e7ici transferi konusunda Edirnespor ile anla\u015fma sa\u011flanm\u0131\u015ft\u0131r. Orhan Kur\u015fun\u2019a sezonun kalan b\u00f6l\u00fcm\u00fcnde ba\u015far\u0131lar diliyoruz&#8221; denildi.<br \/><\/p>\n","protected":false},"excerpt":{"rendered":"<p>Manisa FK, 2023 y\u0131l\u0131nda Bursa Y\u0131ld\u0131r\u0131mspor\u2019dan 4,5 y\u0131ll\u0131k s\u00f6zle\u015fme imzalayarak kadrosuna katt\u0131\u011f\u0131 gen\u00e7 kalecisi Orhan Kur\u015fun\u2019un ge\u00e7ici transferi konusunda Edirnespor ile anla\u015fmaya var\u0131ld\u0131\u011f\u0131n\u0131 a\u00e7\u0131klad\u0131. Trendyol 1. Lig ekiplerinden Manisa FK\u2019n\u0131n gen\u00e7 file bek\u00e7isi Orhan Kur\u015fun\u2019un ge\u00e7ici transferi konusunda 3. Lig D Grubu ekiplerinden Edirnespor ile anla\u015f\u0131ld\u0131\u011f\u0131 a\u00e7\u0131kland\u0131. Manisa FK\u2019dan yap\u0131lan a\u00e7\u0131klamada, &#8220;Kul\u00fcb\u00fcm\u00fcz\u00fcn kalecilerinden biri olan&#8230;<\/p>\n","protected":false},"author":1,"featured_media":14981,"comment_status":"open","ping_status":"open","sticky":false,"template":"","format":"standard","meta":{"_crdt_document":"","footnotes":""},"categories":[4],"tags":[],"class_list":["post-14980","post","type-post","status-publish","format-standard","has-post-thumbnail","hentry","category-spor"],"_links":{"self":[{"href":"https:\/\/www.egemtv.com\/index.php?rest_route=\/wp\/v2\/posts\/14980","targetHints":{"allow":["GET"]}}],"collection":[{"href":"https:\/\/www.egemtv.com\/index.php?rest_route=\/wp\/v2\/posts"}],"about":[{"href":"https:\/\/www.egemtv.com\/index.php?rest_route=\/wp\/v2\/types\/post"}],"author":[{"embeddable":true,"href":"https:\/\/www.egemtv.com\/index.php?rest_route=\/wp\/v2\/users\/1"}],"replies":[{"embeddable":true,"href":"https:\/\/www.egemtv.com\/index.php?rest_route=%2Fwp%2Fv2%2Fcomments&post=14980"}],"version-history":[{"count":1,"href":"https:\/\/www.egemtv.com\/index.php?rest_route=\/wp\/v2\/posts\/14980\/revisions"}],"predecessor-version":[{"id":14985,"href":"https:\/\/www.egemtv.com\/index.php?rest_route=\/wp\/v2\/posts\/14980\/revisions\/14985"}],"wp:featuredmedia":[{"embeddable":true,"href":"https:\/\/www.egemtv.com\/index.php?rest_route=\/wp\/v2\/media\/14981"}],"wp:attachment":[{"href":"https:\/\/www.egemtv.com\/index.php?rest_route=%2Fwp%2Fv2%2Fmedia&parent=14980"}],"wp:term":[{"taxonomy":"category","embeddable":true,"href":"https:\/\/www.egemtv.com\/index.php?rest_route=%2Fwp%2Fv2%2Fcategories&post=14980"},{"taxonomy":"post_tag","embeddable":true,"href":"https:\/\/www.egemtv.com\/index.php?rest_route=%2Fwp%2Fv2%2Ftags&post=14980"}],"curies":[{"name":"wp","href":"https:\/\/api.w.org\/{rel}","templated":true}]}}