{"id":14974,"date":"2025-02-03T14:46:20","date_gmt":"2025-02-03T11:46:20","guid":{"rendered":"https:\/\/www.egemtv.com\/?p=14974"},"modified":"2025-02-03T14:46:25","modified_gmt":"2025-02-03T11:46:25","slug":"afyonkarahisarda-igm-toplantilari-basladi","status":"publish","type":"post","link":"https:\/\/www.egemtv.com\/?p=14974","title":{"rendered":"Afyonkarahisar\u2019da \u0130GM toplant\u0131lar\u0131 ba\u015flad\u0131"},"content":{"rendered":"<p>Afyonkarahisar \u0130l Genel Meclisi (\u0130GM), \u015eubat ay\u0131 toplant\u0131lar\u0131 Meclis Ba\u015fkan\u0131 Mehmet Siper y\u00f6netiminde ger\u00e7ekle\u015ftirilirken, toplant\u0131da g\u00fcndem maddeleri g\u00f6r\u00fc\u015f\u00fcld\u00fc ve \u00f6nemli kararlar al\u0131nd\u0131.<br \/>\n<br \/>Toplant\u0131da, Afyonkarahisar Gazi Mahallesi\u2019nde bulunan ve \u0130l \u00d6zel \u0130daresi\u2019ne ait 7 bin 284 metrekarelik bir arsan\u0131n, \u00fczerindeki Fatih \u0130lkokulu ile birlikte Milli E\u011fitim Bakanl\u0131\u011f\u0131 \u0130n\u015faat ve Emlak Genel M\u00fcd\u00fcrl\u00fc\u011f\u00fc ad\u0131na e\u011fitim tesisi olarak kullan\u0131lmak \u00fczere tahsis edilmesi oy birli\u011fiyle onayland\u0131. Ayr\u0131ca, Dazk\u0131r\u0131 il\u00e7esi Y\u00fcre\u011fil k\u00f6y\u00fcnde bulunan ve \u0130l \u00d6zel \u0130daresi\u2019ne ait bir ta\u015f\u0131nmaz\u0131n, Kur\u2019an Kursu olarak kullan\u0131lmak \u00fczere Dazk\u0131r\u0131 \u0130l\u00e7e M\u00fcft\u00fcl\u00fc\u011f\u00fc\u2019ne tahsis edilmesi konusun  ara\u015ft\u0131r\u0131lmas\u0131   i\u00e7in ilgili komisyonlara aktar\u0131lmas\u0131 oybirli\u011fiyle kabul edildi.<br \/><\/p>\n","protected":false},"excerpt":{"rendered":"<p>Afyonkarahisar \u0130l Genel Meclisi (\u0130GM), \u015eubat ay\u0131 toplant\u0131lar\u0131 Meclis Ba\u015fkan\u0131 Mehmet Siper y\u00f6netiminde ger\u00e7ekle\u015ftirilirken, toplant\u0131da g\u00fcndem maddeleri g\u00f6r\u00fc\u015f\u00fcld\u00fc ve \u00f6nemli kararlar al\u0131nd\u0131. Toplant\u0131da, Afyonkarahisar Gazi Mahallesi\u2019nde bulunan ve \u0130l \u00d6zel \u0130daresi\u2019ne ait 7 bin 284 metrekarelik bir arsan\u0131n, \u00fczerindeki Fatih \u0130lkokulu ile birlikte Milli E\u011fitim Bakanl\u0131\u011f\u0131 \u0130n\u015faat ve Emlak Genel M\u00fcd\u00fcrl\u00fc\u011f\u00fc ad\u0131na e\u011fitim tesisi olarak&#8230;<\/p>\n","protected":false},"author":1,"featured_media":14975,"comment_status":"open","ping_status":"open","sticky":false,"template":"","format":"standard","meta":{"_crdt_document":"","footnotes":""},"categories":[1],"tags":[],"class_list":["post-14974","post","type-post","status-publish","format-standard","has-post-thumbnail","hentry","category-guncel"],"_links":{"self":[{"href":"https:\/\/www.egemtv.com\/index.php?rest_route=\/wp\/v2\/posts\/14974","targetHints":{"allow":["GET"]}}],"collection":[{"href":"https:\/\/www.egemtv.com\/index.php?rest_route=\/wp\/v2\/posts"}],"about":[{"href":"https:\/\/www.egemtv.com\/index.php?rest_route=\/wp\/v2\/types\/post"}],"author":[{"embeddable":true,"href":"https:\/\/www.egemtv.com\/index.php?rest_route=\/wp\/v2\/users\/1"}],"replies":[{"embeddable":true,"href":"https:\/\/www.egemtv.com\/index.php?rest_route=%2Fwp%2Fv2%2Fcomments&post=14974"}],"version-history":[{"count":1,"href":"https:\/\/www.egemtv.com\/index.php?rest_route=\/wp\/v2\/posts\/14974\/revisions"}],"predecessor-version":[{"id":14979,"href":"https:\/\/www.egemtv.com\/index.php?rest_route=\/wp\/v2\/posts\/14974\/revisions\/14979"}],"wp:featuredmedia":[{"embeddable":true,"href":"https:\/\/www.egemtv.com\/index.php?rest_route=\/wp\/v2\/media\/14975"}],"wp:attachment":[{"href":"https:\/\/www.egemtv.com\/index.php?rest_route=%2Fwp%2Fv2%2Fmedia&parent=14974"}],"wp:term":[{"taxonomy":"category","embeddable":true,"href":"https:\/\/www.egemtv.com\/index.php?rest_route=%2Fwp%2Fv2%2Fcategories&post=14974"},{"taxonomy":"post_tag","embeddable":true,"href":"https:\/\/www.egemtv.com\/index.php?rest_route=%2Fwp%2Fv2%2Ftags&post=14974"}],"curies":[{"name":"wp","href":"https:\/\/api.w.org\/{rel}","templated":true}]}}