{"id":14969,"date":"2025-02-03T14:46:15","date_gmt":"2025-02-03T11:46:15","guid":{"rendered":"https:\/\/www.egemtv.com\/?p=14969"},"modified":"2025-02-03T14:46:20","modified_gmt":"2025-02-03T11:46:20","slug":"baskan-arasin-cocuklara-sinema-hediyesi-yogun-ilgi-gordu","status":"publish","type":"post","link":"https:\/\/www.egemtv.com\/?p=14969","title":{"rendered":"Ba\u015fkan Aras\u2019\u0131n \u00e7ocuklara sinema hediyesi yo\u011fun ilgi g\u00f6rd\u00fc"},"content":{"rendered":"<p>Mu\u011fla B\u00fcy\u00fck\u015fehir Belediye Ba\u015fkan\u0131 Ahmet Aras\u2019\u0131n \u00e7ocuklara karne hediyesi olan \u2018\u00c7ocuk Film G\u00fcnleri\u2019 yar\u0131y\u0131l tatili boyunca yo\u011fun ilgi g\u00f6rd\u00fc. B\u00fcy\u00fck\u015fehir Belediyesi\u2019nin Film G\u00fcnleri ile 2 bin 200 \u00e7ocuk sinema keyfini doyas\u0131ya ya\u015fad\u0131.<br \/>\n<br \/>Mu\u011fla B\u00fcy\u00fck\u015fehir Belediyesi, sanat\u0131 ve k\u00fclt\u00fcr\u00fc herkes i\u00e7in ula\u015f\u0131labilir k\u0131lmak amac\u0131yla etkinlikler d\u00fczenlemeye devam ediyor. Bu kapsamda, Mu\u011fla\u2019n\u0131n t\u00fcm il\u00e7elerinden \u00e7ocuklar\u0131n kat\u0131l\u0131m\u0131yla ger\u00e7ekle\u015fen \u00c7ocuk Film G\u00fcnleri, ara tatil boyunca Mente\u015fe\u2019deki T\u00fcrkan Saylan \u00c7a\u011fda\u015f Ya\u015fam Merkezinde minik izleyicileri a\u011f\u0131rlad\u0131.<br \/>\n<br \/>2 Bin 200 \u00e7ocu\u011fa ger\u00e7ek sinema deneyimi ya\u015fat\u0131ld\u0131<br \/>\n<br \/>G\u00fcnde iki seans olarak d\u00fczenlenen \u00c7ocuk Film G\u00fcnleri ile \u2018\u00c7\u0131lg\u0131n Dostum Finnik\u2019, \u2018Bak \u015eu Leyle\u011fe 2: Z\u00fcmr\u00fct Ta\u015f\u0131n\u0131n Pe\u015finde\u2019, \u2018D\u00fc\u015fler Fabrikas\u0131\u2019, \u2018Kartopu Sava\u015flar\u0131 2\u2019 filmleri \u00e7ocuklarla bulu\u015ftu. B\u00fcy\u00fck ilgi g\u00f6ren film g\u00f6sterimleri, minik izleyicilere keyifli anlar ya\u015fatt\u0131.<br \/>\n<br \/>\u00d6zellikle k\u0131rsal mahallelerde ya\u015fayan \u00e7ocuklar\u0131n ilk sinema deneyiminin ger\u00e7ekle\u015fti\u011fi etkinlikte giri\u015fte \u00e7ocuklara patlam\u0131\u015f m\u0131s\u0131r ve sinema bileti da\u011f\u0131t\u0131larak ger\u00e7ek sinema deneyimi ya\u015fat\u0131ld\u0131. Ara tatil boyunca d\u00fczenlenen \u00c7ocuk Film G\u00fcnleri\u2019ne toplam 2 bin 200 \u00e7ocuk kat\u0131ld\u0131.<br \/>\n<br \/>Ba\u015fkan Aras: &#8220;Sanat\u0131 ve k\u00fclt\u00fcr\u00fc herkes i\u00e7in ula\u015f\u0131labilir k\u0131laca\u011f\u0131z&#8221;<br \/>\n<br \/>\u00c7ocuklar\u0131n sanatsal ve k\u00fclt\u00fcrel etkinliklere eri\u015fimini art\u0131rmay\u0131 ama\u00e7lad\u0131klar\u0131n\u0131 vurgulayan K\u0131y\u0131 Ege Belediyeler Birli\u011fi ve Mu\u011fla B\u00fcy\u00fck\u015fehir Belediye Ba\u015fkan\u0131 Ahmet Aras, &#8220;\u00c7ocuklar\u0131m\u0131z\u0131n hem e\u011flenmesi hem de sinema k\u00fclt\u00fcr\u00fcyle tan\u0131\u015fmas\u0131 i\u00e7in \u00c7ocuk Film G\u00fcnleri d\u00fczenledik. B\u00fcy\u00fck\u015fehir Belediyesi olarak sanat\u0131 ve k\u00fclt\u00fcr\u00fc herkes i\u00e7in ula\u015f\u0131labilir k\u0131lmak istiyoruz&#8221; dedi.<br \/>\n<br \/>\u00d6zellikle k\u0131rsal mahallelerde ya\u015fayan \u00e7ocuklar i\u00e7in bu t\u00fcr organizasyonlar\u0131n b\u00fcy\u00fck \u00f6nem ta\u015f\u0131d\u0131\u011f\u0131na dikkat \u00e7eken Ba\u015fkan Aras, &#8220;Daha \u00f6nce sinemaya gitme imk\u00e2n\u0131 bulamam\u0131\u015f \u00e7ocuklar\u0131m\u0131za ger\u00e7ek bir sinema deneyimi ya\u015fatmay\u0131 ama\u00e7lad\u0131k. \u00c7ocuklar\u0131m\u0131z hem film izleyerek tatilin tad\u0131n\u0131 \u00e7\u0131kard\u0131 hem de k\u00fclt\u00fcrel bir etkinli\u011fe kat\u0131lm\u0131\u015f oldular. Gelece\u011fimizin teminat\u0131 olan \u00e7ocuklar\u0131m\u0131z\u0131n her alandaki geli\u015fimini \u00f6nemsiyoruz. B\u00fcy\u00fck\u015fehir Belediyesi olarak 13 il\u00e7e ve 574 mahallede t\u00fcm vatanda\u015flar\u0131m\u0131za ve \u00e7ocuklar\u0131m\u0131za hizmet ula\u015ft\u0131rmaya kararl\u0131y\u0131z&#8221; diye konu\u015ftu.<br \/><\/p>\n","protected":false},"excerpt":{"rendered":"<p>Mu\u011fla B\u00fcy\u00fck\u015fehir Belediye Ba\u015fkan\u0131 Ahmet Aras\u2019\u0131n \u00e7ocuklara karne hediyesi olan \u2018\u00c7ocuk Film G\u00fcnleri\u2019 yar\u0131y\u0131l tatili boyunca yo\u011fun ilgi g\u00f6rd\u00fc. B\u00fcy\u00fck\u015fehir Belediyesi\u2019nin Film G\u00fcnleri ile 2 bin 200 \u00e7ocuk sinema keyfini doyas\u0131ya ya\u015fad\u0131. Mu\u011fla B\u00fcy\u00fck\u015fehir Belediyesi, sanat\u0131 ve k\u00fclt\u00fcr\u00fc herkes i\u00e7in ula\u015f\u0131labilir k\u0131lmak amac\u0131yla etkinlikler d\u00fczenlemeye devam ediyor. Bu kapsamda, Mu\u011fla\u2019n\u0131n t\u00fcm il\u00e7elerinden \u00e7ocuklar\u0131n kat\u0131l\u0131m\u0131yla ger\u00e7ekle\u015fen&#8230;<\/p>\n","protected":false},"author":1,"featured_media":14970,"comment_status":"open","ping_status":"open","sticky":false,"template":"","format":"standard","meta":{"_crdt_document":"","footnotes":""},"categories":[1],"tags":[],"class_list":["post-14969","post","type-post","status-publish","format-standard","has-post-thumbnail","hentry","category-guncel"],"_links":{"self":[{"href":"https:\/\/www.egemtv.com\/index.php?rest_route=\/wp\/v2\/posts\/14969","targetHints":{"allow":["GET"]}}],"collection":[{"href":"https:\/\/www.egemtv.com\/index.php?rest_route=\/wp\/v2\/posts"}],"about":[{"href":"https:\/\/www.egemtv.com\/index.php?rest_route=\/wp\/v2\/types\/post"}],"author":[{"embeddable":true,"href":"https:\/\/www.egemtv.com\/index.php?rest_route=\/wp\/v2\/users\/1"}],"replies":[{"embeddable":true,"href":"https:\/\/www.egemtv.com\/index.php?rest_route=%2Fwp%2Fv2%2Fcomments&post=14969"}],"version-history":[{"count":1,"href":"https:\/\/www.egemtv.com\/index.php?rest_route=\/wp\/v2\/posts\/14969\/revisions"}],"predecessor-version":[{"id":14973,"href":"https:\/\/www.egemtv.com\/index.php?rest_route=\/wp\/v2\/posts\/14969\/revisions\/14973"}],"wp:featuredmedia":[{"embeddable":true,"href":"https:\/\/www.egemtv.com\/index.php?rest_route=\/wp\/v2\/media\/14970"}],"wp:attachment":[{"href":"https:\/\/www.egemtv.com\/index.php?rest_route=%2Fwp%2Fv2%2Fmedia&parent=14969"}],"wp:term":[{"taxonomy":"category","embeddable":true,"href":"https:\/\/www.egemtv.com\/index.php?rest_route=%2Fwp%2Fv2%2Fcategories&post=14969"},{"taxonomy":"post_tag","embeddable":true,"href":"https:\/\/www.egemtv.com\/index.php?rest_route=%2Fwp%2Fv2%2Ftags&post=14969"}],"curies":[{"name":"wp","href":"https:\/\/api.w.org\/{rel}","templated":true}]}}