{"id":14966,"date":"2025-02-03T14:31:32","date_gmt":"2025-02-03T11:31:32","guid":{"rendered":"https:\/\/www.egemtv.com\/?p=14966"},"modified":"2025-02-03T14:31:36","modified_gmt":"2025-02-03T11:31:36","slug":"denizlide-atiklar-27-bin-haneye-icin-enerjiye-donusuyor","status":"publish","type":"post","link":"https:\/\/www.egemtv.com\/?p=14966","title":{"rendered":"Denizli\u2019de at\u0131klar 27 bin haneye i\u00e7in enerjiye d\u00f6n\u00fc\u015f\u00fcyor"},"content":{"rendered":"<p>Denizli B\u00fcy\u00fck\u015fehir Belediyesi 2024 y\u0131l\u0131nda evsel ve t\u0131bbi at\u0131k olmak \u00fczere toplamda 298 bin 691 ton at\u0131\u011f\u0131 do\u011fa ve \u00e7evreye zarar vermeden bertaraf etti. Ortaya \u00e7\u0131kan metan gaz\u0131ndan \u00fcretilen elektrikten ise ayda 27 bin hanenin ayl\u0131k enerji ihtiyac\u0131 kar\u015f\u0131land\u0131.<\/p>\n<p>Denizli B\u00fcy\u00fck\u015fehir Belediyesi, daha ya\u015fanabilir bir kent i\u00e7in \u00e7al\u0131\u015fmalar\u0131n\u0131 s\u00fcrd\u00fcr\u00fcyor. Denizli B\u00fcy\u00fck\u015fehir Belediyesi bu kapsamda toplad\u0131\u011f\u0131 at\u0131klar\u0131 Kumk\u0131s\u0131k Kat\u0131 At\u0131k Bertaraf Tesisi ile Tavas Kat\u0131 At\u0131k Bertaraf Tesisinde do\u011fa ve \u00e7evreye zarar vermeden bertaraf etti. Denizli B\u00fcy\u00fck\u015fehir Belediyesi Kumk\u0131s\u0131k Kat\u0131 At\u0131k Bertaraf Tesisi\u2019nde Pamukkale, Merkezefendi, Sarayk\u00f6y, Buldan, G\u00fcney, Honaz, \u00c7ardak ve Bozkurt il\u00e7elerinden toplanan evsel at\u0131klar ile \u00e7e\u015fitli sanayi kurulu\u015flar\u0131ndan kaynaklanan tehlikeli olmayan evsel nitelikli at\u0131klardan 264 bin 798 ton depoland\u0131. Tavas, Kale, Beya\u011fa\u00e7, Ac\u0131payam, Serinhisar ve \u00c7ameli il\u00e7elerinin evsel kat\u0131 at\u0131klar\u0131 toplanan Tavas Kat\u0131 At\u0131k Bertaraf Tesisinde ise 31 bin 881 ton kat\u0131 at\u0131k bertaraf edildi. Bertaraf edilen \u00e7\u00f6plerdeki s\u0131z\u0131nt\u0131 sular\u0131n\u0131n ar\u0131t\u0131larak \u00e7evre ve insan sa\u011fl\u0131\u011f\u0131na kar\u015f\u0131 zarars\u0131z hale getirildi\u011fi belirtilirken, evsel at\u0131klardan kaynaklanan sera gaz\u0131 sal\u0131n\u0131m\u0131n\u0131n da azalt\u0131ld\u0131\u011f\u0131na dikkat \u00e7ekildi.<\/p>\n<p>Tesiste 2 bin 12 ton vir\u00fcs ve zararl\u0131 organizma ar\u0131nd\u0131r\u0131ld\u0131<br \/>\n<br \/>Denizli B\u00fcy\u00fck\u015fehir Belediyesi kat\u0131 at\u0131\u011f\u0131n yan\u0131nda T\u0131bbi At\u0131k Sterilizasyon Tesisinde de zararl\u0131 at\u0131klar\u0131 bertaraf etti. Ge\u00e7ti\u011fimiz y\u0131l sa\u011fl\u0131k tesislerinden toplanan 2 bin 12 ton hastal\u0131k, vir\u00fcs ve zararl\u0131 organizmalar bar\u0131nd\u0131ran t\u0131bbi at\u0131k insan sa\u011fl\u0131\u011f\u0131na zarar vermeyecek hale getirildi. T\u0131bbi At\u0131k Sterilizasyon Tesisinde toplanan t\u0131bbi at\u0131klar, 146 santigrat derecede, y\u00fcksek bas\u0131n\u00e7l\u0131 buharla steril hale getirilerek hastal\u0131k ve vir\u00fcs ta\u015f\u0131yan t\u00fcm mikroplardan ar\u0131nd\u0131r\u0131l\u0131p evsel \u00e7\u00f6p niteli\u011fi kazand\u0131 ve Kumk\u0131s\u0131k Kat\u0131k At\u0131k Bertaraf Tesisindeki d\u00fczenli depolama sahas\u0131nda bertaraf edildi. Ge\u00e7en y\u0131l evsel at\u0131k ve t\u0131bbi at\u0131k olmak \u00fczere toplamda 298 bin 691 ton at\u0131k bertaraf edilmi\u015f oldu.<\/p>\n<p>At\u0131klar enerjiye d\u00f6n\u00fc\u015f\u00fcyor<br \/>\n<br \/>\u00d6te yandan Kumk\u0131s\u0131k Kat\u0131 At\u0131k Bertaraf Tesisi ile Tavas Kat\u0131 At\u0131k Bertaraf Tesisinde ortaya \u00e7\u0131kan metan gaz\u0131ndan \u00e7evre ve insan sa\u011fl\u0131\u011f\u0131na zarar vermeden ayl\u0131k ortalama 27 bin hanenin elektrik enerji ihtiyac\u0131 kar\u015f\u0131land\u0131\u011f\u0131 belirtildi.<br \/><\/p>\n","protected":false},"excerpt":{"rendered":"<p>Denizli B\u00fcy\u00fck\u015fehir Belediyesi 2024 y\u0131l\u0131nda evsel ve t\u0131bbi at\u0131k olmak \u00fczere toplamda 298 bin 691 ton at\u0131\u011f\u0131 do\u011fa ve \u00e7evreye zarar vermeden bertaraf etti. Ortaya \u00e7\u0131kan metan gaz\u0131ndan \u00fcretilen elektrikten ise ayda 27 bin hanenin ayl\u0131k enerji ihtiyac\u0131 kar\u015f\u0131land\u0131. Denizli B\u00fcy\u00fck\u015fehir Belediyesi, daha ya\u015fanabilir bir kent i\u00e7in \u00e7al\u0131\u015fmalar\u0131n\u0131 s\u00fcrd\u00fcr\u00fcyor. Denizli B\u00fcy\u00fck\u015fehir Belediyesi bu kapsamda toplad\u0131\u011f\u0131&#8230;<\/p>\n","protected":false},"author":1,"featured_media":14967,"comment_status":"open","ping_status":"open","sticky":false,"template":"","format":"standard","meta":{"_crdt_document":"","footnotes":""},"categories":[1],"tags":[],"class_list":["post-14966","post","type-post","status-publish","format-standard","has-post-thumbnail","hentry","category-guncel"],"_links":{"self":[{"href":"https:\/\/www.egemtv.com\/index.php?rest_route=\/wp\/v2\/posts\/14966","targetHints":{"allow":["GET"]}}],"collection":[{"href":"https:\/\/www.egemtv.com\/index.php?rest_route=\/wp\/v2\/posts"}],"about":[{"href":"https:\/\/www.egemtv.com\/index.php?rest_route=\/wp\/v2\/types\/post"}],"author":[{"embeddable":true,"href":"https:\/\/www.egemtv.com\/index.php?rest_route=\/wp\/v2\/users\/1"}],"replies":[{"embeddable":true,"href":"https:\/\/www.egemtv.com\/index.php?rest_route=%2Fwp%2Fv2%2Fcomments&post=14966"}],"version-history":[{"count":1,"href":"https:\/\/www.egemtv.com\/index.php?rest_route=\/wp\/v2\/posts\/14966\/revisions"}],"predecessor-version":[{"id":14968,"href":"https:\/\/www.egemtv.com\/index.php?rest_route=\/wp\/v2\/posts\/14966\/revisions\/14968"}],"wp:featuredmedia":[{"embeddable":true,"href":"https:\/\/www.egemtv.com\/index.php?rest_route=\/wp\/v2\/media\/14967"}],"wp:attachment":[{"href":"https:\/\/www.egemtv.com\/index.php?rest_route=%2Fwp%2Fv2%2Fmedia&parent=14966"}],"wp:term":[{"taxonomy":"category","embeddable":true,"href":"https:\/\/www.egemtv.com\/index.php?rest_route=%2Fwp%2Fv2%2Fcategories&post=14966"},{"taxonomy":"post_tag","embeddable":true,"href":"https:\/\/www.egemtv.com\/index.php?rest_route=%2Fwp%2Fv2%2Ftags&post=14966"}],"curies":[{"name":"wp","href":"https:\/\/api.w.org\/{rel}","templated":true}]}}