{"id":14963,"date":"2025-02-03T14:29:39","date_gmt":"2025-02-03T11:29:39","guid":{"rendered":"https:\/\/www.egemtv.com\/?p=14963"},"modified":"2025-02-03T14:29:43","modified_gmt":"2025-02-03T11:29:43","slug":"ayaydin-gocek-tuneli-ihalesini-yapan-ak-parti-hukumeti-degil","status":"publish","type":"post","link":"https:\/\/www.egemtv.com\/?p=14963","title":{"rendered":"Ayayd\u0131n: &#8220;G\u00f6cek T\u00fcneli ihalesini yapan AK Parti h\u00fck\u00fcmeti de\u011fil&#8221;"},"content":{"rendered":"<p>Mu\u011fla\u2019da ge\u00e7i\u015f \u00fccreti nedeniyle ad\u0131 \u2018Deli Dumrul T\u00fcneli\u2019ne \u00e7\u0131kan G\u00f6cek T\u00fcneli ile ilgili sorumlulu\u011fun AK Parti h\u00fck\u00fcmetinde oldu\u011fu iddialar\u0131n\u0131n do\u011fru olmad\u0131\u011f\u0131n\u0131 belirten AK Parti Mu\u011fla B\u00fcy\u00fck\u015fehir Belediye Ba\u015fkan aday\u0131 Prof. Dr. Ayd\u0131n Ayayd\u0131n, adayl\u0131\u011f\u0131 d\u00f6neminde yapt\u0131\u011f\u0131 ara\u015ft\u0131rma sonucu G\u00f6cek T\u00fcneli ihalesinin AK Parti h\u00fck\u00fcmeti taraf\u0131ndan yap\u0131lmad\u0131\u011f\u0131n\u0131 a\u00e7\u0131klad\u0131. \u0130halenin 2002 y\u0131l\u0131ndan \u00f6nce yap\u0131ld\u0131\u011f\u0131n\u0131 belirten Ayayd\u0131n, \u00f6zel firman\u0131n i\u015fletme hakk\u0131n\u0131n da Cumhurba\u015fkan\u0131 Recep Tayyip Erdo\u011fan\u2019\u0131n giri\u015fimleri sonras\u0131 32 y\u0131ldan 30 y\u0131la d\u00fc\u015f\u00fcr\u00fcld\u00fc\u011f\u00fcn\u00fc a\u00e7\u0131klad\u0131.<\/p>\n<p>&#8220;G\u00f6cek T\u00fcneli\u2019nin \u00fccretsiz olmas\u0131n\u0131n hukuki altyap\u0131s\u0131 yok&#8221;<br \/>\n<br \/>Prof. Dr. Ayayd\u0131n yapt\u0131\u011f\u0131 a\u00e7\u0131klamada, &#8220;Deli Dumrul diye adland\u0131r\u0131lan G\u00f6cek T\u00fcneli hakk\u0131nda ne yaz\u0131k ki herkes yanl\u0131\u015f bilgilerle de\u011ferlendirme yapt\u0131k\u00e7a G\u00f6cek T\u00fcneli\u2019nden ge\u00e7en de ge\u00e7meyen de yanl\u0131\u015f bilgilere sahip. Vatanda\u015f hakl\u0131 olarak diyor ki Karadeniz\u2019de yap\u0131lan t\u00fcnelden bedava ge\u00e7i\u015f yap\u0131l\u0131rken biz niye G\u00f6cek T\u00fcneli\u2019nden hem giderken hem gelirken \u00fccret \u00f6d\u00fcyoruz. Mu\u011fla B\u00fcy\u00fck\u015fehir Belediye Ba\u015fkan Aday\u0131 oldu\u011fumda, her meslekten se\u00e7ti\u011fim uzmanlarla Mu\u011fla ve il\u00e7elerinde se\u00e7ilmem halinde yapaca\u011f\u0131m projeleri tek tek masaya yat\u0131rd\u0131m ve ara\u015ft\u0131rd\u0131m. \u00dczerinde \u00e7al\u0131\u015ft\u0131\u011f\u0131m konulardan biri de G\u00f6cek T\u00fcneli\u2019nin durumuydu. Ancak G\u00f6cek T\u00fcneli\u2019nin \u00fccretsiz hale getirilmesinin hukuki altyap\u0131s\u0131 olmad\u0131\u011f\u0131 i\u00e7in G\u00f6cek T\u00fcneli\u2019ni projelerime dahil etmedim. \u00c7\u00fcnk\u00fc olmayacak bir konuda \u00e7\u00f6z\u00fcm getirece\u011fim diye Mu\u011flal\u0131 vatanda\u015flar\u0131ma yalan s\u00f6ylemek istemedim&#8221; dedi.<\/p>\n<p>&#8220;G\u00f6cek T\u00fcneli ihalesini yapan AK Parti h\u00fck\u00fcmeti de\u011fil&#8221;<br \/>\n<br \/>G\u00f6cek T\u00fcneli\u2019nin yap\u0131lmas\u0131 projesi ve ihalesinin AK Parti d\u00f6neminde yap\u0131lmad\u0131\u011f\u0131n\u0131 belirten Ayayd\u0131n, &#8220;\u0130hale, AK Parti iktidar\u0131ndan \u00f6nceki h\u00fck\u00fcmet d\u00f6neminde yap\u0131lm\u0131\u015ft\u0131r. Yap-i\u015flet-devret projesi ile G\u00f6cek T\u00fcneli ihalesi yap\u0131ld\u0131\u011f\u0131nda, bug\u00fcn \u015fik\u00e2yet edenler o g\u00fcn alk\u0131\u015f tutuyor, hatta davul zurna ile sevin\u00e7 g\u00f6sterilerinde bulundu\u011funu da hat\u0131rlatmak istiyorum&#8221; diye konu\u015ftu.<\/p>\n<p>\u0130hale \u015fartnamesi neyi kaps\u0131yor?<br \/>\n<br \/>\u0130hale \u015fartnamesine g\u00f6re; ihaleye kat\u0131l\u0131p teklif verecek firmalar fizibilite \u00e7al\u0131\u015fmas\u0131nda her iki y\u00f6nden ge\u00e7i\u015flerde \u00fccret al\u0131nacakt\u0131r denildi\u011fini belirten Ayayd\u0131n, &#8220;Dolay\u0131s\u0131yla ihaleye kat\u0131lan firmalar da buna g\u00f6re maliyet hesab\u0131 yapm\u0131\u015f ve 2032 y\u0131l\u0131 sonuna kadar i\u015fletmek \u00fczere bu teklifi vermi\u015f ve ihaleye en uygun teklifi veren firma, bu \u015fartlarla teklif vermi\u015f ve ihaleyi alm\u0131\u015ft\u0131r. Ancak, daha sonra AK Parti iktidar\u0131nda yurdumuzun bir\u00e7ok yerinde t\u00fcp ge\u00e7i\u015fi b\u00fct\u00e7e imk\u00e2nlar\u0131 ile yap\u0131p, vatanda\u015flar\u0131n bu ge\u00e7i\u015flerde \u00fccret \u00f6demeden ge\u00e7i\u015fe imk\u00e2n sa\u011flad\u0131\u011f\u0131 i\u00e7in G\u00f6cek T\u00fcneli\u2019ni kullanan vatanda\u015flar da ge\u00e7i\u015flerde \u00fccret \u00f6demek istemiyorlar. G\u00f6cek T\u00fcneli, \u00f6zel sekt\u00f6r taraf\u0131ndan yap-i\u015flet-devret modeli ile yap\u0131ld\u0131\u011f\u0131 i\u00e7in h\u00fck\u00fcmet taraf\u0131ndan i\u015fletici \u015firkete \u00fccret almayacaks\u0131n deme hakk\u0131 yoktur&#8221; ifadelerini kulland\u0131.<\/p>\n<p>Cumhurba\u015fkan\u0131 Erdo\u011fan devletin yapt\u0131\u011f\u0131 t\u00fcnelden para al\u0131nmas\u0131n\u0131 istemedi<br \/>\n<br \/>2018 y\u0131l\u0131nda Cumhurba\u015fkan\u0131 Recep Tayyip Erdo\u011fan\u2019\u0131n \u00f6zel talimat\u0131yla firma yetkililerinin g\u00f6r\u00fc\u015fmeye davet edildi\u011fini aktaran Ayd\u0131n Ayayd\u0131n, \u015fu bilgileri verdi:<br \/>\n<br \/>&#8220;Konu m\u00fczakere edilmi\u015ftir. Ula\u015ft\u0131rma Bakanl\u0131\u011f\u0131 yetkilileri, firmaya \u00f6nce siz kendi yapt\u0131\u011f\u0131n\u0131z t\u00fcnelden tek y\u00f6nl\u00fc ge\u00e7i\u015fte \u00fccret al\u0131n, d\u00f6n\u00fc\u015f devletin yapt\u0131\u011f\u0131 t\u00fcpten olaca\u011f\u0131 i\u00e7in \u00fccret \u00f6demeden ge\u00e7sinler teklifinde bulundu. Ancak firma yetkilisi, ihale \u015fartnamesi ve bu \u015fartnameye uygun olarak yap\u0131lan s\u00f6zle\u015fmede, \u2019\u015firketimiz her iki y\u00f6ne ge\u00e7i\u015fte de \u00fccret alacakt\u0131r\u2019 denildi\u011fi i\u00e7in uzla\u015fma sa\u011flanamad\u0131. Bunun \u00fczerine Cumhurba\u015fkan\u0131 Recep Tayyip Erdo\u011fan\u2019\u0131n talimat\u0131yla, \u2019madem d\u00f6n\u00fc\u015f yolundaki t\u00fcp\u00fc devlet olarak biz yapt\u0131k, o zaman 2032 y\u0131l\u0131nda sona erecek lisans s\u00f6zle\u015fmesini 6 y\u0131l geriye \u00e7ekiyoruz ve sizin i\u015fletme hakk\u0131n\u0131z 2026\u2019da sona erecektir\u2019 denildi.&#8221;<\/p>\n<p>\u0130\u015fletici firma yarg\u0131ya gitti<br \/>\n<br \/>G\u00f6cek T\u00fcnelini i\u015fleten firma, h\u00fck\u00fcmetin i\u015fletme s\u00fcresini 6 y\u0131l k\u0131saltan karar\u0131na kar\u015f\u0131, s\u00f6zle\u015fmede yer alan &#8220;Uzla\u015fmazl\u0131k durumunda tahkim yetkilidir&#8221; h\u00fckm\u00fcne dayanarak, yarg\u0131 yoluna ba\u015fvurdu. Yetkili k\u0131l\u0131nan tahkim, h\u00fck\u00fcmetin i\u015fletme s\u00fcresini 2032 y\u0131l\u0131ndan 2026 y\u0131l\u0131na d\u00fc\u015f\u00fcren karar\u0131n\u0131n do\u011fru olmad\u0131\u011f\u0131n\u0131, sadece 20 ay k\u0131saltarak 2030 y\u0131l\u0131nda sona ermesine karar verdi.<br \/>\n<br \/>Prof. Dr. Ayd\u0131n Ayayd\u0131n, &#8220;H\u00fck\u00fcmet, G\u00f6cek T\u00fcneli\u2019nin i\u015fletme s\u00fcresinin 6 y\u0131l de\u011fil, 20 ay k\u0131salt\u0131lmas\u0131na karar veren tahkim karar\u0131na itiraz ederek \u0130stinaf Mahkemesi\u2019ne ta\u015f\u0131d\u0131. Ancak \u0130stinaf Mahkemesi de h\u00fck\u00fcmetin itiraz\u0131n\u0131 kabul etmeyerek tahkim karar\u0131n\u0131 onaylad\u0131. H\u00fck\u00fcmet bununla da yetinmedi ve bu karar\u0131 da Yarg\u0131tay\u2019a ta\u015f\u0131d\u0131. Yarg\u0131tay da tahkim karar\u0131n\u0131n yerinde oldu\u011funu, dolay\u0131s\u0131yla G\u00f6cek T\u00fcnelini i\u015fleten firman\u0131n 2026 y\u0131l\u0131na kadar de\u011fil, 2030 y\u0131l\u0131na kadar i\u015fletmesi gerekti\u011fine son noktay\u0131 koydu&#8221; dedi.<br \/><\/p>\n","protected":false},"excerpt":{"rendered":"<p>Mu\u011fla\u2019da ge\u00e7i\u015f \u00fccreti nedeniyle ad\u0131 \u2018Deli Dumrul T\u00fcneli\u2019ne \u00e7\u0131kan G\u00f6cek T\u00fcneli ile ilgili sorumlulu\u011fun AK Parti h\u00fck\u00fcmetinde oldu\u011fu iddialar\u0131n\u0131n do\u011fru olmad\u0131\u011f\u0131n\u0131 belirten AK Parti Mu\u011fla B\u00fcy\u00fck\u015fehir Belediye Ba\u015fkan aday\u0131 Prof. Dr. Ayd\u0131n Ayayd\u0131n, adayl\u0131\u011f\u0131 d\u00f6neminde yapt\u0131\u011f\u0131 ara\u015ft\u0131rma sonucu G\u00f6cek T\u00fcneli ihalesinin AK Parti h\u00fck\u00fcmeti taraf\u0131ndan yap\u0131lmad\u0131\u011f\u0131n\u0131 a\u00e7\u0131klad\u0131. \u0130halenin 2002 y\u0131l\u0131ndan \u00f6nce yap\u0131ld\u0131\u011f\u0131n\u0131 belirten Ayayd\u0131n, \u00f6zel&#8230;<\/p>\n","protected":false},"author":1,"featured_media":14964,"comment_status":"open","ping_status":"open","sticky":false,"template":"","format":"standard","meta":{"_crdt_document":"","footnotes":""},"categories":[127],"tags":[],"class_list":["post-14963","post","type-post","status-publish","format-standard","has-post-thumbnail","hentry","category-siyaset"],"_links":{"self":[{"href":"https:\/\/www.egemtv.com\/index.php?rest_route=\/wp\/v2\/posts\/14963","targetHints":{"allow":["GET"]}}],"collection":[{"href":"https:\/\/www.egemtv.com\/index.php?rest_route=\/wp\/v2\/posts"}],"about":[{"href":"https:\/\/www.egemtv.com\/index.php?rest_route=\/wp\/v2\/types\/post"}],"author":[{"embeddable":true,"href":"https:\/\/www.egemtv.com\/index.php?rest_route=\/wp\/v2\/users\/1"}],"replies":[{"embeddable":true,"href":"https:\/\/www.egemtv.com\/index.php?rest_route=%2Fwp%2Fv2%2Fcomments&post=14963"}],"version-history":[{"count":1,"href":"https:\/\/www.egemtv.com\/index.php?rest_route=\/wp\/v2\/posts\/14963\/revisions"}],"predecessor-version":[{"id":14965,"href":"https:\/\/www.egemtv.com\/index.php?rest_route=\/wp\/v2\/posts\/14963\/revisions\/14965"}],"wp:featuredmedia":[{"embeddable":true,"href":"https:\/\/www.egemtv.com\/index.php?rest_route=\/wp\/v2\/media\/14964"}],"wp:attachment":[{"href":"https:\/\/www.egemtv.com\/index.php?rest_route=%2Fwp%2Fv2%2Fmedia&parent=14963"}],"wp:term":[{"taxonomy":"category","embeddable":true,"href":"https:\/\/www.egemtv.com\/index.php?rest_route=%2Fwp%2Fv2%2Fcategories&post=14963"},{"taxonomy":"post_tag","embeddable":true,"href":"https:\/\/www.egemtv.com\/index.php?rest_route=%2Fwp%2Fv2%2Ftags&post=14963"}],"curies":[{"name":"wp","href":"https:\/\/api.w.org\/{rel}","templated":true}]}}