{"id":14960,"date":"2025-02-03T14:29:34","date_gmt":"2025-02-03T11:29:34","guid":{"rendered":"https:\/\/www.egemtv.com\/?p=14960"},"modified":"2025-02-03T14:29:38","modified_gmt":"2025-02-03T11:29:38","slug":"vali-coskun-ataturkun-denizli-ziyareti-ilimiz-adina-bir-kivanc-vesilesi-olmustur","status":"publish","type":"post","link":"https:\/\/www.egemtv.com\/?p=14960","title":{"rendered":"Vali Co\u015fkun; &#8220;Atat\u00fcrk\u2019\u00fcn Denizli ziyareti ilimiz ad\u0131na bir k\u0131van\u00e7 vesilesi olmu\u015ftur&#8221;"},"content":{"rendered":"<p>DEN\u0130ZL\u0130 (\u0130HA) \u2013 Denizli Valisi \u00d6mer Faruk Co\u015fkun, 4 \u015eubat Gazi Mustafa Kemal Atat\u00fcrk\u2019\u00fcn Denizli\u2019ye te\u015friflerinin 94. y\u0131ld\u00f6n\u00fcm\u00fc dolay\u0131s\u0131yla bir kutlama mesaj\u0131 yay\u0131mlad\u0131.<\/p>\n<p>Vali Co\u015fkun, mesaj\u0131nda; &#8220;Cumhuriyetimizin kurucusu Gazi Mustafa Kemal Atat\u00fcrk\u2019\u00fc \u2018B\u00fcy\u00fck Ege Gezisi\u2019 kapsam\u0131nda \u015fehrimize geli\u015finin 94. y\u0131ld\u00f6n\u00fcm\u00fcnde bir kez daha sevgiyle ve sayg\u0131yla an\u0131yorum. Gazi Mustafa Kemal Atat\u00fcrk, b\u00fcy\u00fck fedakarl\u0131klar ve m\u00fccadeleler sonucunda zaferle sonu\u00e7lanan \u0130stiklal Sava\u015f\u0131m\u0131z ve Cumhuriyetimizin kurulmas\u0131n\u0131n ard\u0131ndan yurt gezilerine \u00e7\u0131km\u0131\u015f, bu anlaml\u0131 gezilerden biri olan Denizli ziyareti ilimiz ad\u0131na bir k\u0131van\u00e7 vesilesi olmu\u015ftur.<br \/>\n<br \/>94 y\u0131l \u00f6nce bug\u00fcn, Gazi Mustafa Kemal Atat\u00fcrk\u2019\u00fcn Denizli\u2019ye geli\u015fini \u00f6\u011frenen halk, caddeleri doldurarak b\u00fcy\u00fck bir co\u015fkuyla kar\u015f\u0131lam\u0131\u015f ve yo\u011fun sevgi g\u00f6sterilerinde bulunmu\u015ftur. Bu yo\u011fun ilgi kar\u015f\u0131s\u0131nda: &#8220;Denizli halk\u0131n\u0131n hakk\u0131mda g\u00f6sterdi\u011fi hissiyattan duyguland\u0131m. Te\u015fekk\u00fcr ve muhabbetlerimin muhterem halka iletilmesini rica ederim.&#8221; ifadelerini kullanarak nadide \u015fehrimizden ayr\u0131lm\u0131\u015ft\u0131r. \u2018Muas\u0131r Medeniyetler\u2019 hedefine ula\u015fma yolunda, her alanda belirlenen hedefleri bir bir a\u015farak geli\u015fen ekonomisi ve her alandaki at\u0131l\u0131mlar\u0131yla b\u00fcy\u00fck bir \u015fevkle \u00e7al\u0131\u015f\u0131rken, bu manada heyecan\u0131m\u0131z, azmimiz ve gayretimiz her daim devam edecektir. Bu duygu ve d\u00fc\u015f\u00fcncelerle 94 y\u0131l \u00f6nce bug\u00fcn, Denizli\u2019mize te\u015frif ederek \u015fehrimizi ve halk\u0131m\u0131z\u0131 onurland\u0131ran ilimizde ziyaret etti\u011fi her yerde g\u00f6n\u00fcllerde iz b\u0131rakan, Gazi Mustafa Kemal Atat\u00fcrk\u2019\u00fc, silah arkada\u015flar\u0131n\u0131, bir hil\u00e2l u\u011fruna canlar\u0131n\u0131 seve seve feda eden aziz \u015fehitlerimizi rahmetle yad ediyor; kahraman gazilerimizi \u015f\u00fckranla an\u0131yorum&#8221; ifadelerini kulland\u0131.<br \/><\/p>\n","protected":false},"excerpt":{"rendered":"<p>DEN\u0130ZL\u0130 (\u0130HA) \u2013 Denizli Valisi \u00d6mer Faruk Co\u015fkun, 4 \u015eubat Gazi Mustafa Kemal Atat\u00fcrk\u2019\u00fcn Denizli\u2019ye te\u015friflerinin 94. y\u0131ld\u00f6n\u00fcm\u00fc dolay\u0131s\u0131yla bir kutlama mesaj\u0131 yay\u0131mlad\u0131. Vali Co\u015fkun, mesaj\u0131nda; &#8220;Cumhuriyetimizin kurucusu Gazi Mustafa Kemal Atat\u00fcrk\u2019\u00fc \u2018B\u00fcy\u00fck Ege Gezisi\u2019 kapsam\u0131nda \u015fehrimize geli\u015finin 94. y\u0131ld\u00f6n\u00fcm\u00fcnde bir kez daha sevgiyle ve sayg\u0131yla an\u0131yorum. Gazi Mustafa Kemal Atat\u00fcrk, b\u00fcy\u00fck fedakarl\u0131klar ve m\u00fccadeleler&#8230;<\/p>\n","protected":false},"author":1,"featured_media":14961,"comment_status":"open","ping_status":"open","sticky":false,"template":"","format":"standard","meta":{"_crdt_document":"","footnotes":""},"categories":[123],"tags":[],"class_list":["post-14960","post","type-post","status-publish","format-standard","has-post-thumbnail","hentry","category-gundem"],"_links":{"self":[{"href":"https:\/\/www.egemtv.com\/index.php?rest_route=\/wp\/v2\/posts\/14960","targetHints":{"allow":["GET"]}}],"collection":[{"href":"https:\/\/www.egemtv.com\/index.php?rest_route=\/wp\/v2\/posts"}],"about":[{"href":"https:\/\/www.egemtv.com\/index.php?rest_route=\/wp\/v2\/types\/post"}],"author":[{"embeddable":true,"href":"https:\/\/www.egemtv.com\/index.php?rest_route=\/wp\/v2\/users\/1"}],"replies":[{"embeddable":true,"href":"https:\/\/www.egemtv.com\/index.php?rest_route=%2Fwp%2Fv2%2Fcomments&post=14960"}],"version-history":[{"count":1,"href":"https:\/\/www.egemtv.com\/index.php?rest_route=\/wp\/v2\/posts\/14960\/revisions"}],"predecessor-version":[{"id":14962,"href":"https:\/\/www.egemtv.com\/index.php?rest_route=\/wp\/v2\/posts\/14960\/revisions\/14962"}],"wp:featuredmedia":[{"embeddable":true,"href":"https:\/\/www.egemtv.com\/index.php?rest_route=\/wp\/v2\/media\/14961"}],"wp:attachment":[{"href":"https:\/\/www.egemtv.com\/index.php?rest_route=%2Fwp%2Fv2%2Fmedia&parent=14960"}],"wp:term":[{"taxonomy":"category","embeddable":true,"href":"https:\/\/www.egemtv.com\/index.php?rest_route=%2Fwp%2Fv2%2Fcategories&post=14960"},{"taxonomy":"post_tag","embeddable":true,"href":"https:\/\/www.egemtv.com\/index.php?rest_route=%2Fwp%2Fv2%2Ftags&post=14960"}],"curies":[{"name":"wp","href":"https:\/\/api.w.org\/{rel}","templated":true}]}}