{"id":14957,"date":"2025-02-03T14:19:38","date_gmt":"2025-02-03T11:19:38","guid":{"rendered":"https:\/\/www.egemtv.com\/?p=14957"},"modified":"2025-02-03T14:19:42","modified_gmt":"2025-02-03T11:19:42","slug":"yeni-donemin-ilk-dersini-vali-akbiyik-verdi","status":"publish","type":"post","link":"https:\/\/www.egemtv.com\/?p=14957","title":{"rendered":"Yeni d\u00f6nemin ilk dersini Vali Akb\u0131y\u0131k verdi"},"content":{"rendered":"<p>Mu\u011fla\u2019da yar\u0131y\u0131l tatilinin ard\u0131ndan 2024-2025 e\u011fitim \u00f6\u011fretim y\u0131l\u0131n\u0131n ikinci d\u00f6nemi ba\u015flad\u0131. Okulun ilk g\u00fcn\u00fcnde \u00f6\u011frencileri yaln\u0131z b\u0131rakmayan Mu\u011fla Valisi Dr. \u0130dris Akb\u0131y\u0131k, T\u00fcrkiye Odalar ve Borsalar Birli\u011fi Fen Lisesi\u2019nde \u00f6\u011frenci ve \u00f6\u011fretmenlerle bir araya geldi.<br \/>\n<br \/>T\u00fcrkiye Odalar ve Borsalar Birli\u011fi Fen Lisesi 9\/C s\u0131n\u0131f\u0131nda &#8220;Bir Kitap, Bir \u0130nsan&#8221; konulu derse kat\u0131lan Vali Dr. \u0130dris Akb\u0131y\u0131k, \u00f6\u011frencilere kitap okuman\u0131n \u00f6neminden bahsetti.<br \/>\n<br \/>Hem insan, hem Vali hem de bir baba olarak e\u011fitimin, okulun ve kitap okuman\u0131n \u00f6nemini \u00f6\u011frencilere anlatan Vali Akb\u0131y\u0131k, &#8220;Fark\u0131ndal\u0131k olu\u015fturmak i\u00e7in bu konuyu \u00f6ne \u00e7\u0131karmak istiyoruz. B\u00fct\u00fcn potansiyelimizi ve eme\u011fimizi e\u011fitime harcamaya gayret ediyoruz. D\u00fcnya \u00e7ok h\u0131zl\u0131 bir \u015fekilde de\u011fi\u015fiyor, geli\u015fiyor. T\u00fcm \u00e7abam\u0131z siz gen\u00e7lerimizi gelece\u011fe daha iyi haz\u0131rlamak i\u00e7in&#8221; dedi.<br \/>\n<br \/>Kitap okuman\u0131n faydalar\u0131 ve yararlar\u0131ndan bahseden Vali Akb\u0131y\u0131k, &#8220;Okuyan insan daha \u00e7ok bilir, daha geni\u015f d\u00fc\u015f\u00fcn\u00fcr, analiz, sentez yetene\u011fi daha artar, s\u0131navlarda, sosyal hayatta hem de ili\u015fkilerde de kendini ifade edebilme anlam\u0131nda daha ba\u015far\u0131l\u0131 olur. Bir de bilgi her zaman g\u00fc\u00e7t\u00fcr. Yani daha \u00e7ok okuyan daha g\u00fc\u00e7l\u00fc insand\u0131r. Y\u00fcce kitab\u0131m\u0131z Kur\u2019an-\u0131 Kerim\u2019in ilk emri \u2018Oku\u2019dur. Yine Cumhuriyetimizin kurucusu Gazi Mustafa Kemal Atat\u00fcrk\u2019\u00fcn e\u011fitim konusunda, okumak konusunda s\u00f6zleri bulunmaktad\u0131r. Hz. Ali \u2018Bana bir harf \u00f6\u011fretenin k\u0131rk y\u0131l k\u00f6lesi olurum\u2019 diyor. Yine dedelerimiz, babalar\u0131m\u0131z da e\u011fitimin \u00f6nemini kendi \u00e7er\u00e7evesinde i\u00e7erisinde hepimize s\u00f6ylemi\u015flerdir&#8221; diye konu\u015ftu.<br \/>\n<br \/>Kendi deneyim ve tecr\u00fcbelerini \u00f6\u011frencilere aktaran Vali Dr. \u0130dris Akb\u0131y\u0131k, &#8220;S\u0131navlarda ba\u015far\u0131l\u0131 olman\u0131n, hayatta ba\u015far\u0131l\u0131 olman\u0131n yolu okumaktan ge\u00e7iyor. Bir kere okuma al\u0131\u015fkanl\u0131\u011f\u0131 kazand\u0131\u011f\u0131n\u0131z zaman daha \u00e7ok okumak, daha \u00e7ok \u00f6\u011frenmek istiyorsunuz. Kaymakaml\u0131k yapt\u0131\u011f\u0131m y\u0131llardan bu yana &#8220;Bir kitap, bir insan&#8221; diyerek, kitap okuman\u0131n \u00f6nemine dikkat \u00e7ekmek, toplumda bu konuda fark\u0131ndal\u0131k olu\u015fturmak ad\u0131na \u00e7al\u0131\u015fmalar ger\u00e7ekle\u015ftirdik. Projenin \u00f6z\u00fc kitap insan kadar, insan kitap kadar k\u0131ymetlidir. Asl\u0131nda felsefi k\u00f6keni de \u00e7ok anlaml\u0131, \u00e7ok manidar. Kitap insan, insan kitap demektir. Yani bir kitapta olan her \u015fey insanda da olabilir. \u00d6zeti herkes bir kitap okuyacak, bir ki\u015fiye de okutacak. Daha \u00e7ok okuyaca\u011f\u0131z, daha \u00e7ok \u00e7al\u0131\u015faca\u011f\u0131z&#8221; dedi.<br \/>\n<br \/>Okul y\u00f6netimi ve \u00f6\u011fretmelerle bir araya gelen Vali Akb\u0131y\u0131k, okulun \u00f6\u011frenci ve ba\u015far\u0131 durumu hakk\u0131nda bilgi ald\u0131. 2024-2025 e\u011fitim \u00f6\u011fretim y\u0131l\u0131n\u0131n ikinci d\u00f6neminin ba\u015flamas\u0131yla birlikte Mu\u011fla genelinde resmi-\u00f6zel 854 okulda, 162 bin 510 \u00f6\u011frenci ve 16 bin 161 \u00f6\u011fretmen e\u011fitim \u00f6\u011fretime ba\u015flad\u0131.<br \/><\/p>\n","protected":false},"excerpt":{"rendered":"<p>Mu\u011fla\u2019da yar\u0131y\u0131l tatilinin ard\u0131ndan 2024-2025 e\u011fitim \u00f6\u011fretim y\u0131l\u0131n\u0131n ikinci d\u00f6nemi ba\u015flad\u0131. Okulun ilk g\u00fcn\u00fcnde \u00f6\u011frencileri yaln\u0131z b\u0131rakmayan Mu\u011fla Valisi Dr. \u0130dris Akb\u0131y\u0131k, T\u00fcrkiye Odalar ve Borsalar Birli\u011fi Fen Lisesi\u2019nde \u00f6\u011frenci ve \u00f6\u011fretmenlerle bir araya geldi. T\u00fcrkiye Odalar ve Borsalar Birli\u011fi Fen Lisesi 9\/C s\u0131n\u0131f\u0131nda &#8220;Bir Kitap, Bir \u0130nsan&#8221; konulu derse kat\u0131lan Vali Dr. \u0130dris Akb\u0131y\u0131k,&#8230;<\/p>\n","protected":false},"author":1,"featured_media":14958,"comment_status":"open","ping_status":"open","sticky":false,"template":"","format":"standard","meta":{"_crdt_document":"","footnotes":""},"categories":[1],"tags":[],"class_list":["post-14957","post","type-post","status-publish","format-standard","has-post-thumbnail","hentry","category-guncel"],"_links":{"self":[{"href":"https:\/\/www.egemtv.com\/index.php?rest_route=\/wp\/v2\/posts\/14957","targetHints":{"allow":["GET"]}}],"collection":[{"href":"https:\/\/www.egemtv.com\/index.php?rest_route=\/wp\/v2\/posts"}],"about":[{"href":"https:\/\/www.egemtv.com\/index.php?rest_route=\/wp\/v2\/types\/post"}],"author":[{"embeddable":true,"href":"https:\/\/www.egemtv.com\/index.php?rest_route=\/wp\/v2\/users\/1"}],"replies":[{"embeddable":true,"href":"https:\/\/www.egemtv.com\/index.php?rest_route=%2Fwp%2Fv2%2Fcomments&post=14957"}],"version-history":[{"count":1,"href":"https:\/\/www.egemtv.com\/index.php?rest_route=\/wp\/v2\/posts\/14957\/revisions"}],"predecessor-version":[{"id":14959,"href":"https:\/\/www.egemtv.com\/index.php?rest_route=\/wp\/v2\/posts\/14957\/revisions\/14959"}],"wp:featuredmedia":[{"embeddable":true,"href":"https:\/\/www.egemtv.com\/index.php?rest_route=\/wp\/v2\/media\/14958"}],"wp:attachment":[{"href":"https:\/\/www.egemtv.com\/index.php?rest_route=%2Fwp%2Fv2%2Fmedia&parent=14957"}],"wp:term":[{"taxonomy":"category","embeddable":true,"href":"https:\/\/www.egemtv.com\/index.php?rest_route=%2Fwp%2Fv2%2Fcategories&post=14957"},{"taxonomy":"post_tag","embeddable":true,"href":"https:\/\/www.egemtv.com\/index.php?rest_route=%2Fwp%2Fv2%2Ftags&post=14957"}],"curies":[{"name":"wp","href":"https:\/\/api.w.org\/{rel}","templated":true}]}}