{"id":14954,"date":"2025-02-03T14:02:24","date_gmt":"2025-02-03T11:02:24","guid":{"rendered":"https:\/\/www.egemtv.com\/?p=14954"},"modified":"2025-02-03T14:02:28","modified_gmt":"2025-02-03T11:02:28","slug":"baskan-cavusoglu-ataturkun-ziyareti-bugun-de-denizlimizin-her-kosesinde-hissedilmektedir","status":"publish","type":"post","link":"https:\/\/www.egemtv.com\/?p=14954","title":{"rendered":"Ba\u015fkan \u00c7avu\u015fo\u011flu: &#8220;Atat\u00fcrk\u2019\u00fcn ziyareti bug\u00fcn de Denizli\u2019mizin her k\u00f6\u015fesinde hissedilmektedir&#8221;"},"content":{"rendered":"<p>Denizli B\u00fcy\u00fck\u015fehir Belediye Ba\u015fkan\u0131 B\u00fclent Nuri \u00c7avu\u015fo\u011flu, Ulu \u00d6nder Gazi Mustafa Kemal Atat\u00fcrk\u2019\u00fcn 4 \u015eubat 1931\u2019de Denizli\u2019ye ger\u00e7ekle\u015ftirdi\u011fi ziyaretin y\u0131ld\u00f6n\u00fcm\u00fc dolay\u0131s\u0131yla bir mesaj yay\u0131mlad\u0131. Ba\u015fkan \u00c7avu\u015fo\u011flu, mesaj\u0131nda Atat\u00fcrk\u2019\u00fcn Denizli\u2019ye geli\u015finin kentin tarihindeki \u00f6nemli d\u00f6n\u00fcm noktalar\u0131ndan biri oldu\u011funu vurgulad\u0131.<\/p>\n<p>Ba\u015fkan \u00c7avu\u015fo\u011flu, Gazi Mustafa Kemal Atat\u00fcrk\u2019\u00fcn Denizli ziyaretinin, \u015fehrin Cumhuriyet de\u011ferlerine ba\u011fl\u0131l\u0131\u011f\u0131n\u0131 ve muas\u0131r medeniyet hedefine ilerlemeyi per\u00e7inleyen tarihi bir an oldu\u011funu belirterek \u015fu ifadeleri kulland\u0131:<br \/>\n<br \/>&#8220;Bundan tam 94 y\u0131l \u00f6nce, 4 \u015eubat 1931\u2019de Ulu \u00d6nder Gazi Mustafa Kemal Atat\u00fcrk\u2019\u00fc Denizlimizde a\u011f\u0131rlaman\u0131n onurunu ve gururunu ya\u015fad\u0131k. O g\u00fcn halk\u0131m\u0131z\u0131n b\u00fcy\u00fck bir co\u015fkuyla kar\u015f\u0131lad\u0131\u011f\u0131 Atat\u00fcrk, Denizli\u2019ye duydu\u011fu g\u00fcveni ve sevgiyi ifade etmi\u015f, Cumhuriyet\u2019in kalk\u0131nma hedeflerine y\u00f6nelik \u00f6nemli mesajlar vermi\u015ftir. Atat\u00fcrk\u2019\u00fcn ziyaretinin izleri, bug\u00fcn de Denizli\u2019mizin her k\u00f6\u015fesinde hissedilmektedir. Bizler de O\u2019nun izinden y\u00fcr\u00fcyerek, \u015fehrimizi daha ya\u015fanabilir, daha \u00e7a\u011fda\u015f bir gelece\u011fe ta\u015f\u0131mak i\u00e7in \u00e7al\u0131\u015fmaya devam ediyoruz&#8221;<\/p>\n<p>Ba\u015fkan \u00c7avu\u015fo\u011flu\u2019ndan Cumhuriyet vurgusu<br \/>\n<br \/>Denizli halk\u0131n\u0131n ge\u00e7mi\u015ften bug\u00fcne Atat\u00fcrk ilke ve ink\u0131laplar\u0131na ba\u011fl\u0131 kalarak birlik ve beraberlik i\u00e7inde ilerledi\u011fini vurgulayan Ba\u015fkan \u00c7avu\u015fo\u011flu, &#8220;Denizli olarak, Atam\u0131z\u0131n bizlere miras b\u0131rakt\u0131\u011f\u0131 Cumhuriyet\u2019e sahip \u00e7\u0131kmaya, O\u2019nun g\u00f6sterdi\u011fi muas\u0131r medeniyet hedefi do\u011frultusunda \u00e7al\u0131\u015fmaya devam edece\u011fiz. Atat\u00fcrk\u2019\u00fcn Denizli\u2019mize geli\u015finin y\u0131l d\u00f6n\u00fcm\u00fcn\u00fc b\u00fcy\u00fck bir gururla an\u0131yor, ba\u015fta Gazi Mustafa Kemal Atat\u00fcrk olmak \u00fczere t\u00fcm kahramanlar\u0131m\u0131z\u0131 sayg\u0131, rahmet ve minnetle y\u00e2d ediyorum&#8221; ifadelerini kulland\u0131.<br \/><\/p>\n","protected":false},"excerpt":{"rendered":"<p>Denizli B\u00fcy\u00fck\u015fehir Belediye Ba\u015fkan\u0131 B\u00fclent Nuri \u00c7avu\u015fo\u011flu, Ulu \u00d6nder Gazi Mustafa Kemal Atat\u00fcrk\u2019\u00fcn 4 \u015eubat 1931\u2019de Denizli\u2019ye ger\u00e7ekle\u015ftirdi\u011fi ziyaretin y\u0131ld\u00f6n\u00fcm\u00fc dolay\u0131s\u0131yla bir mesaj yay\u0131mlad\u0131. Ba\u015fkan \u00c7avu\u015fo\u011flu, mesaj\u0131nda Atat\u00fcrk\u2019\u00fcn Denizli\u2019ye geli\u015finin kentin tarihindeki \u00f6nemli d\u00f6n\u00fcm noktalar\u0131ndan biri oldu\u011funu vurgulad\u0131. Ba\u015fkan \u00c7avu\u015fo\u011flu, Gazi Mustafa Kemal Atat\u00fcrk\u2019\u00fcn Denizli ziyaretinin, \u015fehrin Cumhuriyet de\u011ferlerine ba\u011fl\u0131l\u0131\u011f\u0131n\u0131 ve muas\u0131r medeniyet hedefine ilerlemeyi&#8230;<\/p>\n","protected":false},"author":1,"featured_media":14955,"comment_status":"open","ping_status":"open","sticky":false,"template":"","format":"standard","meta":{"_crdt_document":"","footnotes":""},"categories":[127],"tags":[],"class_list":["post-14954","post","type-post","status-publish","format-standard","has-post-thumbnail","hentry","category-siyaset"],"_links":{"self":[{"href":"https:\/\/www.egemtv.com\/index.php?rest_route=\/wp\/v2\/posts\/14954","targetHints":{"allow":["GET"]}}],"collection":[{"href":"https:\/\/www.egemtv.com\/index.php?rest_route=\/wp\/v2\/posts"}],"about":[{"href":"https:\/\/www.egemtv.com\/index.php?rest_route=\/wp\/v2\/types\/post"}],"author":[{"embeddable":true,"href":"https:\/\/www.egemtv.com\/index.php?rest_route=\/wp\/v2\/users\/1"}],"replies":[{"embeddable":true,"href":"https:\/\/www.egemtv.com\/index.php?rest_route=%2Fwp%2Fv2%2Fcomments&post=14954"}],"version-history":[{"count":1,"href":"https:\/\/www.egemtv.com\/index.php?rest_route=\/wp\/v2\/posts\/14954\/revisions"}],"predecessor-version":[{"id":14956,"href":"https:\/\/www.egemtv.com\/index.php?rest_route=\/wp\/v2\/posts\/14954\/revisions\/14956"}],"wp:featuredmedia":[{"embeddable":true,"href":"https:\/\/www.egemtv.com\/index.php?rest_route=\/wp\/v2\/media\/14955"}],"wp:attachment":[{"href":"https:\/\/www.egemtv.com\/index.php?rest_route=%2Fwp%2Fv2%2Fmedia&parent=14954"}],"wp:term":[{"taxonomy":"category","embeddable":true,"href":"https:\/\/www.egemtv.com\/index.php?rest_route=%2Fwp%2Fv2%2Fcategories&post=14954"},{"taxonomy":"post_tag","embeddable":true,"href":"https:\/\/www.egemtv.com\/index.php?rest_route=%2Fwp%2Fv2%2Ftags&post=14954"}],"curies":[{"name":"wp","href":"https:\/\/api.w.org\/{rel}","templated":true}]}}