{"id":14951,"date":"2025-02-03T14:02:18","date_gmt":"2025-02-03T11:02:18","guid":{"rendered":"https:\/\/www.egemtv.com\/?p=14951"},"modified":"2025-02-03T14:02:23","modified_gmt":"2025-02-03T11:02:23","slug":"usakta-ureticiler-zararlilara-karsi-bilgilendirildi","status":"publish","type":"post","link":"https:\/\/www.egemtv.com\/?p=14951","title":{"rendered":"U\u015fak\u2019ta \u00fcreticiler zararl\u0131lara kar\u015f\u0131 bilgilendirildi"},"content":{"rendered":"<p>U\u015fak \u0130l Tar\u0131m ve Orman M\u00fcd\u00fcrl\u00fc\u011f\u00fc\u2019ne ba\u011fl\u0131 personellerce ekin kambur b\u00f6ce\u011fi ve tarla faresiyle m\u00fccadele hakk\u0131nda bilgilendirme toplant\u0131s\u0131 d\u00fczenlendi.<br \/>\n<br \/>U\u015fak \u0130l Tar\u0131m ve Orman M\u00fcd\u00fcrl\u00fc\u011f\u00fc\u2019ne ba\u011fl\u0131 personellerce merkeze ba\u011fl\u0131 G\u00fcre k\u00f6y\u00fcnde hububat ekili arazilerde zarar veren ekin kambur b\u00f6ce\u011fi (Zabrus spp.) ve tarla faresi m\u00fccadelesi hakk\u0131nda \u00e7ift\u00e7ilerle bilgilendirme toplant\u0131s\u0131 d\u00fczenlendi.<br \/>\n<br \/>\u00d6te yandan, 5 k\u00f6yde daha \u00e7ift\u00e7ilerle bir araya gelen U\u015fak \u0130l Tar\u0131m ve Orman M\u00fcd\u00fcr\u2019\u00fc Serkan Bilir, \u0130l M\u00fcd\u00fcr Yard\u0131mc\u0131lar\u0131, \u015eube ve \u0130l\u00e7e M\u00fcd\u00fcrleri Tar\u0131msal \u00dcretimin Planlanmas\u0131n\u0131, Tar\u0131m ve Orman Bakanl\u0131\u011f\u0131nca Yeni Destekleme Modelini \u00e7ift\u00e7ilere anlatt\u0131lar.<br \/><\/p>\n","protected":false},"excerpt":{"rendered":"<p>U\u015fak \u0130l Tar\u0131m ve Orman M\u00fcd\u00fcrl\u00fc\u011f\u00fc\u2019ne ba\u011fl\u0131 personellerce ekin kambur b\u00f6ce\u011fi ve tarla faresiyle m\u00fccadele hakk\u0131nda bilgilendirme toplant\u0131s\u0131 d\u00fczenlendi. U\u015fak \u0130l Tar\u0131m ve Orman M\u00fcd\u00fcrl\u00fc\u011f\u00fc\u2019ne ba\u011fl\u0131 personellerce merkeze ba\u011fl\u0131 G\u00fcre k\u00f6y\u00fcnde hububat ekili arazilerde zarar veren ekin kambur b\u00f6ce\u011fi (Zabrus spp.) ve tarla faresi m\u00fccadelesi hakk\u0131nda \u00e7ift\u00e7ilerle bilgilendirme toplant\u0131s\u0131 d\u00fczenlendi. \u00d6te yandan, 5 k\u00f6yde daha&#8230;<\/p>\n","protected":false},"author":1,"featured_media":14952,"comment_status":"open","ping_status":"open","sticky":false,"template":"","format":"standard","meta":{"_crdt_document":"","footnotes":""},"categories":[1],"tags":[],"class_list":["post-14951","post","type-post","status-publish","format-standard","has-post-thumbnail","hentry","category-guncel"],"_links":{"self":[{"href":"https:\/\/www.egemtv.com\/index.php?rest_route=\/wp\/v2\/posts\/14951","targetHints":{"allow":["GET"]}}],"collection":[{"href":"https:\/\/www.egemtv.com\/index.php?rest_route=\/wp\/v2\/posts"}],"about":[{"href":"https:\/\/www.egemtv.com\/index.php?rest_route=\/wp\/v2\/types\/post"}],"author":[{"embeddable":true,"href":"https:\/\/www.egemtv.com\/index.php?rest_route=\/wp\/v2\/users\/1"}],"replies":[{"embeddable":true,"href":"https:\/\/www.egemtv.com\/index.php?rest_route=%2Fwp%2Fv2%2Fcomments&post=14951"}],"version-history":[{"count":1,"href":"https:\/\/www.egemtv.com\/index.php?rest_route=\/wp\/v2\/posts\/14951\/revisions"}],"predecessor-version":[{"id":14953,"href":"https:\/\/www.egemtv.com\/index.php?rest_route=\/wp\/v2\/posts\/14951\/revisions\/14953"}],"wp:featuredmedia":[{"embeddable":true,"href":"https:\/\/www.egemtv.com\/index.php?rest_route=\/wp\/v2\/media\/14952"}],"wp:attachment":[{"href":"https:\/\/www.egemtv.com\/index.php?rest_route=%2Fwp%2Fv2%2Fmedia&parent=14951"}],"wp:term":[{"taxonomy":"category","embeddable":true,"href":"https:\/\/www.egemtv.com\/index.php?rest_route=%2Fwp%2Fv2%2Fcategories&post=14951"},{"taxonomy":"post_tag","embeddable":true,"href":"https:\/\/www.egemtv.com\/index.php?rest_route=%2Fwp%2Fv2%2Ftags&post=14951"}],"curies":[{"name":"wp","href":"https:\/\/api.w.org\/{rel}","templated":true}]}}