{"id":14948,"date":"2025-02-03T14:02:14","date_gmt":"2025-02-03T11:02:14","guid":{"rendered":"https:\/\/www.egemtv.com\/?p=14948"},"modified":"2025-02-03T14:02:18","modified_gmt":"2025-02-03T11:02:18","slug":"usak-il-milli-egitim-muduru-yucelden-ikinci-donem-mesaji","status":"publish","type":"post","link":"https:\/\/www.egemtv.com\/?p=14948","title":{"rendered":"U\u015fak \u0130l Milli E\u011fitim M\u00fcd\u00fcr\u00fc Y\u00fccel\u2019den ikinci d\u00f6nem mesaj\u0131"},"content":{"rendered":"<p>U\u015fak \u0130l Milli E\u011fitim M\u00fcd\u00fcr\u00fc Halil Y\u00fccel 2024-2025 E\u011fitim ve \u00d6\u011fretim Y\u0131l\u0131\u2019n\u0131n ikinci d\u00f6nemi ba\u015flamas\u0131ndan dolay\u0131 bir mesaj yay\u0131mlad\u0131.<br \/>\n<br \/>Yay\u0131mlanan mesajda, e\u011fitimin gelece\u011fe yap\u0131lan en k\u0131ymetli yat\u0131r\u0131m oldu\u011funu vurgulayan Y\u00fccel; &#8220;3 \u015eubat itibar\u0131yla yeni e\u011fitim-\u00f6\u011fretim d\u00f6nemine hep birlikte merhaba diyoruz. Tatilin ard\u0131ndan taze bir ba\u015flang\u0131\u00e7 yapman\u0131n ve ba\u015far\u0131larla dolu bir d\u00f6neme ad\u0131m atman\u0131n heyecan\u0131n\u0131 ya\u015f\u0131yoruz. Bu s\u00fcre\u00e7te, \u00f6\u011frencilerimizin azmi, \u00f6\u011fretmenlerimizin \u00f6zverisi ve velilerimizin deste\u011fiyle en verimli \u015fekilde ilerleyece\u011fimize inan\u0131yorum. E\u011fitim, gelece\u011fe yap\u0131lan en k\u0131ymetli yat\u0131r\u0131md\u0131r ve bizler de bu yolda t\u00fcm imk\u00e2nlar\u0131m\u0131zla yan\u0131n\u0131zday\u0131z. Yeni d\u00f6nemin t\u00fcm \u00f6\u011frencilerimize sa\u011fl\u0131k, mutluluk ve ba\u015far\u0131 getirmesini diliyor, emekleri ve gayretleri i\u00e7in \u00f6\u011fretmenlerimize y\u00fcrekten te\u015fekk\u00fcr ediyorum. Hep birlikte, daha ayd\u0131nl\u0131k bir gelece\u011fe do\u011fru kararl\u0131l\u0131kla ilerlemeye devam edece\u011fiz.&#8221; ifadeleri kullan\u0131ld\u0131.<br \/><\/p>\n","protected":false},"excerpt":{"rendered":"<p>U\u015fak \u0130l Milli E\u011fitim M\u00fcd\u00fcr\u00fc Halil Y\u00fccel 2024-2025 E\u011fitim ve \u00d6\u011fretim Y\u0131l\u0131\u2019n\u0131n ikinci d\u00f6nemi ba\u015flamas\u0131ndan dolay\u0131 bir mesaj yay\u0131mlad\u0131. Yay\u0131mlanan mesajda, e\u011fitimin gelece\u011fe yap\u0131lan en k\u0131ymetli yat\u0131r\u0131m oldu\u011funu vurgulayan Y\u00fccel; &#8220;3 \u015eubat itibar\u0131yla yeni e\u011fitim-\u00f6\u011fretim d\u00f6nemine hep birlikte merhaba diyoruz. Tatilin ard\u0131ndan taze bir ba\u015flang\u0131\u00e7 yapman\u0131n ve ba\u015far\u0131larla dolu bir d\u00f6neme ad\u0131m atman\u0131n heyecan\u0131n\u0131 ya\u015f\u0131yoruz&#8230;.<\/p>\n","protected":false},"author":1,"featured_media":14949,"comment_status":"open","ping_status":"open","sticky":false,"template":"","format":"standard","meta":{"_crdt_document":"","footnotes":""},"categories":[1],"tags":[],"class_list":["post-14948","post","type-post","status-publish","format-standard","has-post-thumbnail","hentry","category-guncel"],"_links":{"self":[{"href":"https:\/\/www.egemtv.com\/index.php?rest_route=\/wp\/v2\/posts\/14948","targetHints":{"allow":["GET"]}}],"collection":[{"href":"https:\/\/www.egemtv.com\/index.php?rest_route=\/wp\/v2\/posts"}],"about":[{"href":"https:\/\/www.egemtv.com\/index.php?rest_route=\/wp\/v2\/types\/post"}],"author":[{"embeddable":true,"href":"https:\/\/www.egemtv.com\/index.php?rest_route=\/wp\/v2\/users\/1"}],"replies":[{"embeddable":true,"href":"https:\/\/www.egemtv.com\/index.php?rest_route=%2Fwp%2Fv2%2Fcomments&post=14948"}],"version-history":[{"count":1,"href":"https:\/\/www.egemtv.com\/index.php?rest_route=\/wp\/v2\/posts\/14948\/revisions"}],"predecessor-version":[{"id":14950,"href":"https:\/\/www.egemtv.com\/index.php?rest_route=\/wp\/v2\/posts\/14948\/revisions\/14950"}],"wp:featuredmedia":[{"embeddable":true,"href":"https:\/\/www.egemtv.com\/index.php?rest_route=\/wp\/v2\/media\/14949"}],"wp:attachment":[{"href":"https:\/\/www.egemtv.com\/index.php?rest_route=%2Fwp%2Fv2%2Fmedia&parent=14948"}],"wp:term":[{"taxonomy":"category","embeddable":true,"href":"https:\/\/www.egemtv.com\/index.php?rest_route=%2Fwp%2Fv2%2Fcategories&post=14948"},{"taxonomy":"post_tag","embeddable":true,"href":"https:\/\/www.egemtv.com\/index.php?rest_route=%2Fwp%2Fv2%2Ftags&post=14948"}],"curies":[{"name":"wp","href":"https:\/\/api.w.org\/{rel}","templated":true}]}}