{"id":14945,"date":"2025-02-03T14:02:08","date_gmt":"2025-02-03T11:02:08","guid":{"rendered":"https:\/\/www.egemtv.com\/?p=14945"},"modified":"2025-02-03T14:02:13","modified_gmt":"2025-02-03T11:02:13","slug":"usak-valiliginden-soguk-hava-uyarisi","status":"publish","type":"post","link":"https:\/\/www.egemtv.com\/?p=14945","title":{"rendered":"U\u015fak Valili\u011finden so\u011fuk hava uyar\u0131s\u0131"},"content":{"rendered":"<p>U\u015fak Valili\u011fi sosyal medya \u00fczerinden yapm\u0131\u015f oldu\u011fu uyar\u0131da kent genelinde 4 \u015eubat tarihi itibariyle hava s\u0131cakl\u0131klar\u0131n 6 ila 12 derece azalaca\u011f\u0131n\u0131 ve so\u011fuk hava uyar\u0131s\u0131nda bulundu.<br \/>\n<br \/>U\u015fak Valili\u011fi sosyal medya \u00fczerinden yap\u0131lan payla\u015f\u0131mda hava s\u0131cakl\u0131klar\u0131n mevsim normallerin alt\u0131na d\u00fc\u015fece\u011fini ve beklenen kuvvetli r\u00fczgar\u0131n 1 hafta s\u00fcrece\u011fini vurgulayarak; &#8220;Yap\u0131lan meteorolojik de\u011ferlendirmelere g\u00f6re b\u00f6lgemizde (Afyonkarahisar, Denizli, U\u015fak) 4 \u015eubat 2025 Sal\u0131 g\u00fcn\u00fcnden itibaren hava s\u0131cakl\u0131klar\u0131n\u0131n hissedilir derecede (6 ila 12 derece) azalarak mevsim normallerinin alt\u0131na inece\u011fi tahmin edilmektedir. So\u011fuk havan\u0131n, kuzeyli y\u00f6nlerden kuvvetli olarak esmesi beklenen r\u00fczg\u00e2rlarla birlikte 1 haftal\u0131k periyotta etkisini s\u00fcrd\u00fcrmesi beklenmektedir. Ayr\u0131ca Sal\u0131 ve \u00c7ar\u015famba g\u00fcnleri karla kar\u0131\u015f\u0131k ya\u011fmur ve kar ya\u011f\u0131\u015flar\u0131n\u0131n g\u00f6r\u00fclece\u011fi tahmin edilmektedir.&#8221; ifadeleri kullan\u0131ld\u0131.<br \/><\/p>\n","protected":false},"excerpt":{"rendered":"<p>U\u015fak Valili\u011fi sosyal medya \u00fczerinden yapm\u0131\u015f oldu\u011fu uyar\u0131da kent genelinde 4 \u015eubat tarihi itibariyle hava s\u0131cakl\u0131klar\u0131n 6 ila 12 derece azalaca\u011f\u0131n\u0131 ve so\u011fuk hava uyar\u0131s\u0131nda bulundu. U\u015fak Valili\u011fi sosyal medya \u00fczerinden yap\u0131lan payla\u015f\u0131mda hava s\u0131cakl\u0131klar\u0131n mevsim normallerin alt\u0131na d\u00fc\u015fece\u011fini ve beklenen kuvvetli r\u00fczgar\u0131n 1 hafta s\u00fcrece\u011fini vurgulayarak; &#8220;Yap\u0131lan meteorolojik de\u011ferlendirmelere g\u00f6re b\u00f6lgemizde (Afyonkarahisar, Denizli, U\u015fak)&#8230;<\/p>\n","protected":false},"author":1,"featured_media":14946,"comment_status":"open","ping_status":"open","sticky":false,"template":"","format":"standard","meta":{"_crdt_document":"","footnotes":""},"categories":[1],"tags":[],"class_list":["post-14945","post","type-post","status-publish","format-standard","has-post-thumbnail","hentry","category-guncel"],"_links":{"self":[{"href":"https:\/\/www.egemtv.com\/index.php?rest_route=\/wp\/v2\/posts\/14945","targetHints":{"allow":["GET"]}}],"collection":[{"href":"https:\/\/www.egemtv.com\/index.php?rest_route=\/wp\/v2\/posts"}],"about":[{"href":"https:\/\/www.egemtv.com\/index.php?rest_route=\/wp\/v2\/types\/post"}],"author":[{"embeddable":true,"href":"https:\/\/www.egemtv.com\/index.php?rest_route=\/wp\/v2\/users\/1"}],"replies":[{"embeddable":true,"href":"https:\/\/www.egemtv.com\/index.php?rest_route=%2Fwp%2Fv2%2Fcomments&post=14945"}],"version-history":[{"count":1,"href":"https:\/\/www.egemtv.com\/index.php?rest_route=\/wp\/v2\/posts\/14945\/revisions"}],"predecessor-version":[{"id":14947,"href":"https:\/\/www.egemtv.com\/index.php?rest_route=\/wp\/v2\/posts\/14945\/revisions\/14947"}],"wp:featuredmedia":[{"embeddable":true,"href":"https:\/\/www.egemtv.com\/index.php?rest_route=\/wp\/v2\/media\/14946"}],"wp:attachment":[{"href":"https:\/\/www.egemtv.com\/index.php?rest_route=%2Fwp%2Fv2%2Fmedia&parent=14945"}],"wp:term":[{"taxonomy":"category","embeddable":true,"href":"https:\/\/www.egemtv.com\/index.php?rest_route=%2Fwp%2Fv2%2Fcategories&post=14945"},{"taxonomy":"post_tag","embeddable":true,"href":"https:\/\/www.egemtv.com\/index.php?rest_route=%2Fwp%2Fv2%2Ftags&post=14945"}],"curies":[{"name":"wp","href":"https:\/\/api.w.org\/{rel}","templated":true}]}}