{"id":14924,"date":"2025-02-03T13:16:49","date_gmt":"2025-02-03T10:16:49","guid":{"rendered":"https:\/\/www.egemtv.com\/?p=14924"},"modified":"2025-02-03T13:16:54","modified_gmt":"2025-02-03T10:16:54","slug":"akhisarin-alt-yapi-ihtiyaci-is-birligi-ile-cozulecek","status":"publish","type":"post","link":"https:\/\/www.egemtv.com\/?p=14924","title":{"rendered":"Akhisar\u2019\u0131n alt yap\u0131 ihtiyac\u0131 i\u015f birli\u011fi ile \u00e7\u00f6z\u00fclecek"},"content":{"rendered":"<p>Manisa B\u00fcy\u00fck\u015fehir Belediyesi, alt yap\u0131 hizmetlerini eksiksiz ve sa\u011fl\u0131kl\u0131 bir \u015fekilde Manisal\u0131lara ula\u015ft\u0131rmak i\u00e7in yo\u011fun \u00e7al\u0131\u015fmaya devam ediyor. Bu kapsamda, Manisa Su ve Kanalizasyon \u0130daresi (MASK\u0130) Genel M\u00fcd\u00fcr Yard\u0131mc\u0131s\u0131 Do\u00e7. Dr. \u00d6zg\u00fcr Av\u015far, Akhisar\u2019\u0131 ziyaret ederek il\u00e7e genelinde y\u00fcr\u00fct\u00fclen \u00e7al\u0131\u015fmalar\u0131 yerinde inceledi.<br \/>\n<br \/>Manisa B\u00fcy\u00fck\u015fehir Belediye Ba\u015fkan\u0131 Mimar Ferdi Zeyrek\u2019in ba\u015flatt\u0131\u011f\u0131 &#8220;Alt yap\u0131 seferberli\u011fi&#8221; yaln\u0131zca kent merkeziyle s\u0131n\u0131rl\u0131 kalmayarak t\u00fcm il\u00e7elere yay\u0131l\u0131yor. Bu kapsamda, MASK\u0130 Genel M\u00fcd\u00fcrl\u00fc\u011f\u00fc, vatanda\u015flara kaliteli ve sorunsuz hizmet ula\u015ft\u0131rmak ad\u0131na Manisa\u2019n\u0131n 17 il\u00e7esinde 7 g\u00fcn 24 saat \u00e7al\u0131\u015fmalar\u0131n\u0131 t\u00fcm h\u0131z\u0131yla s\u00fcrd\u00fcr\u00fcyor. MASK\u0130 Genel M\u00fcd\u00fcr Yard\u0131mc\u0131s\u0131 Do\u00e7. Dr. \u00d6zg\u00fcr Av\u015far, MASK\u0130 daire ba\u015fkanlar\u0131, \u015fube m\u00fcd\u00fcrleri ve yetkili personellerle birlikte Akhisar\u2019da bir dizi ziyaret ger\u00e7ekle\u015ftirdi. \u0130lk olarak \u0130l\u00e7e \u015eefli\u011finde g\u00f6revli personelleri ziyaret eden Av\u015far, y\u00fcr\u00fct\u00fclen \u00e7al\u0131\u015fmalar hakk\u0131nda bilgi ald\u0131. \u0130lk olarak \u0130l\u00e7e \u015eefli\u011fi\u2019nde g\u00f6revli personelleri ziyaret eden Av\u015far, \u00e7al\u0131\u015fmalar hakk\u0131nda bilgi ald\u0131. Av\u015far ve beraberindekiler, Akhisar Belediye Ba\u015fkan\u0131 Besim Dutlulu\u2019yu ziyaret ederek tamamlanan projeler ve devam eden yat\u0131r\u0131mlar \u00fczerine g\u00f6r\u00fc\u015f al\u0131\u015fveri\u015finde bulundu.<\/p>\n<p>Sorunlar i\u015f birli\u011fi i\u00e7erisinde \u00e7\u00f6z\u00fcl\u00fcyor<br \/>\n<br \/>MASK\u0130 Genel M\u00fcd\u00fcrl\u00fc\u011f\u00fc\u2019n\u00fcn, 17 il\u00e7ede titizlikle \u00e7al\u0131\u015ft\u0131\u011f\u0131na dikkat \u00e7eken Do\u00e7. Dr. \u00d6zg\u00fcr Av\u015far, &#8220;Manisa\u2019n\u0131n alt yap\u0131 ad\u0131na hi\u00e7bir sorun ya\u015famamas\u0131 i\u00e7in yo\u011fun bir gayret i\u00e7erisindeyiz. Alt yap\u0131 sistemlerinin eksiksiz ve sorunsuz i\u015flemesi, t\u00fcm il\u00e7elerimizdeki \u00e7al\u0131\u015fmalar\u0131m\u0131z\u0131n temel amac\u0131n\u0131 olu\u015fturuyor. \u0130l\u00e7elerimizde y\u00fcr\u00fctt\u00fc\u011f\u00fcm\u00fcz her \u00e7al\u0131\u015fmay\u0131 da yak\u0131ndan takip ediyoruz. Belediyelerimiz ile isti\u015fareler halinde olarak ihtiya\u00e7 odakl\u0131 i\u015f birliklerimiz ile sorunlara daha h\u0131zl\u0131 ula\u015fmaya \u00e7al\u0131\u015f\u0131yoruz. Bu kapsamda Akhisar Belediye Ba\u015fkan\u0131m\u0131z Besim Dutlulu\u2019nun da destekleriyle il\u00e7emizde olu\u015fan alt yap\u0131 sorunlar\u0131n\u0131 \u00e7\u00f6zme ad\u0131na projeler geli\u015ftirerek hayata ge\u00e7iriyoruz&#8221; dedi.<\/p>\n<p>Altyap\u0131 ihtiyac\u0131 olan yerler incelendi<br \/>\n<br \/>Belediyelerle yap\u0131lan i\u015f birli\u011finin il\u00e7elerdeki altyap\u0131 ihtiya\u00e7lar\u0131n\u0131n giderilmesindeki \u00f6nemine dikkat \u00e7eken Do\u00e7. Dr. \u00d6zg\u00fcr Av\u015far, Akhisar Belediye Ba\u015fkan\u0131 Besim Dutlulu e\u015fli\u011finde, il\u00e7ede alt yap\u0131 \u00e7al\u0131\u015fmas\u0131 yap\u0131lacak yerleri yerinde inceledi. Akhisar\u2019\u0131n h\u0131zla b\u00fcy\u00fcd\u00fc\u011f\u00fcne dikkat \u00e7eken Av\u015far, &#8220;Akhisar da di\u011fer il\u00e7elerimiz gibi g\u00fcn ge\u00e7tik\u00e7e geli\u015fen ve b\u00fcy\u00fcyen bir il\u00e7emiz. Bu do\u011frultuda alt yap\u0131n\u0131n eksiksiz ve sorunsuz hizmet vermesi gerekiyor. Ya\u011fmur suyu, kanalizasyon hatt\u0131, i\u00e7me suyu ihtiyac\u0131 olan veya mevcut hatlar\u0131n yenilenmesi gereken baz\u0131 b\u00f6lgeler var. Bu b\u00f6lgelerde yetkili personelimiz ile inceleme yapt\u0131k. \u0130ncelemelerimizde yurtta\u015flar\u0131m\u0131z\u0131n g\u00f6r\u00fc\u015flerini de ald\u0131k. Akhisar il\u00e7emizin ihtiya\u00e7lar\u0131n\u0131 \u00e7\u00f6z\u00fcme kavu\u015fturmak ad\u0131na proje geli\u015ftiriyor ve h\u0131zl\u0131 bir \u015fekilde uygulanmas\u0131 gereken t\u00fcm \u00e7al\u0131\u015fmalar\u0131 yap\u0131yoruz&#8221; diye konu\u015ftu.<br \/><\/p>\n","protected":false},"excerpt":{"rendered":"<p>Manisa B\u00fcy\u00fck\u015fehir Belediyesi, alt yap\u0131 hizmetlerini eksiksiz ve sa\u011fl\u0131kl\u0131 bir \u015fekilde Manisal\u0131lara ula\u015ft\u0131rmak i\u00e7in yo\u011fun \u00e7al\u0131\u015fmaya devam ediyor. Bu kapsamda, Manisa Su ve Kanalizasyon \u0130daresi (MASK\u0130) Genel M\u00fcd\u00fcr Yard\u0131mc\u0131s\u0131 Do\u00e7. Dr. \u00d6zg\u00fcr Av\u015far, Akhisar\u2019\u0131 ziyaret ederek il\u00e7e genelinde y\u00fcr\u00fct\u00fclen \u00e7al\u0131\u015fmalar\u0131 yerinde inceledi. Manisa B\u00fcy\u00fck\u015fehir Belediye Ba\u015fkan\u0131 Mimar Ferdi Zeyrek\u2019in ba\u015flatt\u0131\u011f\u0131 &#8220;Alt yap\u0131 seferberli\u011fi&#8221; yaln\u0131zca kent&#8230;<\/p>\n","protected":false},"author":1,"featured_media":14925,"comment_status":"open","ping_status":"open","sticky":false,"template":"","format":"standard","meta":{"_crdt_document":"","footnotes":""},"categories":[1],"tags":[],"class_list":["post-14924","post","type-post","status-publish","format-standard","has-post-thumbnail","hentry","category-guncel"],"_links":{"self":[{"href":"https:\/\/www.egemtv.com\/index.php?rest_route=\/wp\/v2\/posts\/14924","targetHints":{"allow":["GET"]}}],"collection":[{"href":"https:\/\/www.egemtv.com\/index.php?rest_route=\/wp\/v2\/posts"}],"about":[{"href":"https:\/\/www.egemtv.com\/index.php?rest_route=\/wp\/v2\/types\/post"}],"author":[{"embeddable":true,"href":"https:\/\/www.egemtv.com\/index.php?rest_route=\/wp\/v2\/users\/1"}],"replies":[{"embeddable":true,"href":"https:\/\/www.egemtv.com\/index.php?rest_route=%2Fwp%2Fv2%2Fcomments&post=14924"}],"version-history":[{"count":1,"href":"https:\/\/www.egemtv.com\/index.php?rest_route=\/wp\/v2\/posts\/14924\/revisions"}],"predecessor-version":[{"id":14926,"href":"https:\/\/www.egemtv.com\/index.php?rest_route=\/wp\/v2\/posts\/14924\/revisions\/14926"}],"wp:featuredmedia":[{"embeddable":true,"href":"https:\/\/www.egemtv.com\/index.php?rest_route=\/wp\/v2\/media\/14925"}],"wp:attachment":[{"href":"https:\/\/www.egemtv.com\/index.php?rest_route=%2Fwp%2Fv2%2Fmedia&parent=14924"}],"wp:term":[{"taxonomy":"category","embeddable":true,"href":"https:\/\/www.egemtv.com\/index.php?rest_route=%2Fwp%2Fv2%2Fcategories&post=14924"},{"taxonomy":"post_tag","embeddable":true,"href":"https:\/\/www.egemtv.com\/index.php?rest_route=%2Fwp%2Fv2%2Ftags&post=14924"}],"curies":[{"name":"wp","href":"https:\/\/api.w.org\/{rel}","templated":true}]}}