{"id":14921,"date":"2025-02-03T13:16:44","date_gmt":"2025-02-03T10:16:44","guid":{"rendered":"https:\/\/www.egemtv.com\/?p=14921"},"modified":"2025-02-03T13:16:49","modified_gmt":"2025-02-03T10:16:49","slug":"turgutlu-kent-muzesine-anlamli-odul","status":"publish","type":"post","link":"https:\/\/www.egemtv.com\/?p=14921","title":{"rendered":"Turgutlu Kent M\u00fczesi\u2019ne anlaml\u0131 \u00f6d\u00fcl"},"content":{"rendered":"<p>Turgutlu Belediyesinin k\u00fclt\u00fcr ve tarihe dair \u00e7al\u0131\u015fmalar\u0131n\u0131n en \u00f6nemli noktalar\u0131ndan olan Turgutlu Kent M\u00fczesi, T\u00fcrkiye Dil ve Edebiyat Derne\u011finin k\u00fclt\u00fcr sanat b\u00fcy\u00fck \u00f6d\u00fcllerinde m\u00fczecilik alan\u0131nda \u00f6d\u00fcllendirildi.<br \/>\n<br \/>Turgutlu Belediyesi K\u00fclt\u00fcr ve Sosyal \u0130\u015fler M\u00fcd\u00fcrl\u00fc\u011f\u00fcne ba\u011fl\u0131 olarak \u00e7al\u0131\u015fan Turgutlu Kent M\u00fczesi\u2019nin sorumlusu Mehmet G\u00f6kyayla, T\u00fcrkiye Dil ve Edebiyat Derne\u011fi Manisa \u015eubesi taraf\u0131ndan d\u00fczenlenen Manisa K\u00fclt\u00fcr Sanat ve Edebiyat \u00d6d\u00fclleri\u2019nin k\u00fct\u00fcphanecilik ve m\u00fczecilik alan\u0131ndaki \u00f6d\u00fcl\u00fcne lay\u0131k g\u00f6r\u00fcld\u00fc. M\u00fczenin kurulu\u015fundan itibaren \u00e7ok say\u0131da kitap ve makale yay\u0131nlanmas\u0131na, bir\u00e7ok etkinlik ve serginin d\u00fczenlenmesine, ayr\u0131ca 35 b\u00f6l\u00fcml\u00fck bir belgesel haz\u0131rlanmas\u0131na vesile olan G\u00f6kyayla\u2019ya \u00f6d\u00fcl\u00fc, d\u00fczenlenen t\u00f6rende Manisa B\u00fcy\u00fck\u015fehir Belediyesi Genel Sekreter Yard\u0131mc\u0131s\u0131 Ali K\u0131l\u0131\u00e7 taraf\u0131ndan takdim edildi.<br \/>\n<br \/>B\u00f6ylesi bir \u00f6d\u00fcl\u00fcn kendileri i\u00e7in \u00e7ok anlaml\u0131 oldu\u011funu belirten Turgutlu Belediye Ba\u015fkan Yard\u0131mc\u0131s\u0131 H\u00fcseyin Maliz, &#8220;Belediyemizin her birimi, fedak\u00e2rca \u00e7al\u0131\u015f\u0131yor; g\u00fczel i\u015fler ger\u00e7ekle\u015ftiriliyor. Kent M\u00fczemiz de bu anlamda en \u00f6nemli birimlerimizden bir tanesi ve M\u00fcze Sorumlumuz Mehmet G\u00f6kyayla ba\u015fta olmak \u00fczere m\u00fczedeki t\u00fcm arkada\u015flar\u0131m\u0131z, i\u015flerinin hakk\u0131n\u0131 veriyorlar. Kendilerine \u00e7al\u0131\u015fmalar\u0131ndan dolay\u0131 \u00e7ok te\u015fekk\u00fcr ediyorum ve al\u0131nan \u00f6d\u00fclden dolay\u0131 da ayr\u0131ca tebrik ediyorum&#8221; \u015feklinde konu\u015ftu.<br \/><\/p>\n","protected":false},"excerpt":{"rendered":"<p>Turgutlu Belediyesinin k\u00fclt\u00fcr ve tarihe dair \u00e7al\u0131\u015fmalar\u0131n\u0131n en \u00f6nemli noktalar\u0131ndan olan Turgutlu Kent M\u00fczesi, T\u00fcrkiye Dil ve Edebiyat Derne\u011finin k\u00fclt\u00fcr sanat b\u00fcy\u00fck \u00f6d\u00fcllerinde m\u00fczecilik alan\u0131nda \u00f6d\u00fcllendirildi. Turgutlu Belediyesi K\u00fclt\u00fcr ve Sosyal \u0130\u015fler M\u00fcd\u00fcrl\u00fc\u011f\u00fcne ba\u011fl\u0131 olarak \u00e7al\u0131\u015fan Turgutlu Kent M\u00fczesi\u2019nin sorumlusu Mehmet G\u00f6kyayla, T\u00fcrkiye Dil ve Edebiyat Derne\u011fi Manisa \u015eubesi taraf\u0131ndan d\u00fczenlenen Manisa K\u00fclt\u00fcr Sanat ve&#8230;<\/p>\n","protected":false},"author":1,"featured_media":14922,"comment_status":"open","ping_status":"open","sticky":false,"template":"","format":"standard","meta":{"_crdt_document":"","footnotes":""},"categories":[1],"tags":[],"class_list":["post-14921","post","type-post","status-publish","format-standard","has-post-thumbnail","hentry","category-guncel"],"_links":{"self":[{"href":"https:\/\/www.egemtv.com\/index.php?rest_route=\/wp\/v2\/posts\/14921","targetHints":{"allow":["GET"]}}],"collection":[{"href":"https:\/\/www.egemtv.com\/index.php?rest_route=\/wp\/v2\/posts"}],"about":[{"href":"https:\/\/www.egemtv.com\/index.php?rest_route=\/wp\/v2\/types\/post"}],"author":[{"embeddable":true,"href":"https:\/\/www.egemtv.com\/index.php?rest_route=\/wp\/v2\/users\/1"}],"replies":[{"embeddable":true,"href":"https:\/\/www.egemtv.com\/index.php?rest_route=%2Fwp%2Fv2%2Fcomments&post=14921"}],"version-history":[{"count":1,"href":"https:\/\/www.egemtv.com\/index.php?rest_route=\/wp\/v2\/posts\/14921\/revisions"}],"predecessor-version":[{"id":14923,"href":"https:\/\/www.egemtv.com\/index.php?rest_route=\/wp\/v2\/posts\/14921\/revisions\/14923"}],"wp:featuredmedia":[{"embeddable":true,"href":"https:\/\/www.egemtv.com\/index.php?rest_route=\/wp\/v2\/media\/14922"}],"wp:attachment":[{"href":"https:\/\/www.egemtv.com\/index.php?rest_route=%2Fwp%2Fv2%2Fmedia&parent=14921"}],"wp:term":[{"taxonomy":"category","embeddable":true,"href":"https:\/\/www.egemtv.com\/index.php?rest_route=%2Fwp%2Fv2%2Fcategories&post=14921"},{"taxonomy":"post_tag","embeddable":true,"href":"https:\/\/www.egemtv.com\/index.php?rest_route=%2Fwp%2Fv2%2Ftags&post=14921"}],"curies":[{"name":"wp","href":"https:\/\/api.w.org\/{rel}","templated":true}]}}