{"id":14918,"date":"2025-02-03T13:14:23","date_gmt":"2025-02-03T10:14:23","guid":{"rendered":"https:\/\/www.egemtv.com\/?p=14918"},"modified":"2025-02-03T13:14:29","modified_gmt":"2025-02-03T10:14:29","slug":"yunusemrenin-ritmi-barbarosta-atti","status":"publish","type":"post","link":"https:\/\/www.egemtv.com\/?p=14918","title":{"rendered":"Yunusemre\u2019nin ritmi Barbaros\u2019ta att\u0131"},"content":{"rendered":"<p>Yunusemre Belediyesi\u2019nin katk\u0131lar\u0131yla Yunusemre\u2019nin Ritmi Mahallelerde At\u0131yor etkinliklerinin son dura\u011f\u0131 Barbaros Mahallesi oldu. Keyifli anlar\u0131n ya\u015fand\u0131\u011f\u0131 konserde vatanda\u015flar doyas\u0131ya e\u011flendi.<br \/>\n<br \/>Yunusemre Belediyesi, Barbaros Mahallesi\u2019nde Anjiyo Grubuna ev sahipli\u011fi yapt\u0131. Yunusemre\u2019nin Ritmi Mahallelerde At\u0131yor etkinlikleri kapsam\u0131nda Barbaros Mahallesi Manisa Tarzan\u0131 Ahmet Bedevi \u0130lkokulu\u2019nun yan\u0131nda bulunan alanda ger\u00e7ekle\u015fen konsere y\u00fczlerce ki\u015fi kat\u0131ld\u0131. Etkinlikler, \u00e7ocuklar i\u00e7in sihirbazl\u0131k ve kukla g\u00f6sterileri ba\u015flad\u0131, Anjiyo Grubu\u2019nun seslendirdi\u011fi \u015fark\u0131larla e\u011flence doru\u011fa ula\u015ft\u0131. Konseri Yunusemre Belediye Ba\u015fkan\u0131 Semih Balaban, Ba\u015fkan Yard\u0131mc\u0131s\u0131 Hakan G\u00fcrtunca, K\u00fclt\u00fcr \u0130\u015fleri M\u00fcd\u00fcr\u00fc Yasemin Sarar \u015e\u0131kta\u015fl\u0131, Barbaros Spor Kul\u00fcb\u00fc Y\u00f6neticileri de dinleyenler aras\u0131ndayd\u0131. Etkinlikte kat\u0131l\u0131mc\u0131lara seslenen Belediye Ba\u015fkan Yard\u0131mc\u0131s\u0131 Hakan G\u00fcrtunca, emekli bir \u00f6\u011fretmen olarak gelece\u011fin b\u00fcy\u00fckleri olacak \u00e7ocuk ve gen\u00e7leri \u00f6nemsediklerini, bunun i\u00e7in de \u00f6nemli projeleri hayata ge\u00e7ireceklerini s\u00f6yledi.<\/p>\n<p>Barbaros mahallesine d\u00fc\u011f\u00fcn salonu ve hal\u0131 saha m\u00fcjdesi<br \/>\n<br \/>Barbaros Mahallelerin &#8220;En b\u00fcy\u00fck ba\u015fkan bizim ba\u015fkan&#8221; sloganlar\u0131yla sahnede konu\u015fma yapan Belediye Ba\u015fkan\u0131 Semih Balaban ise her zaman halkla i\u00e7 i\u00e7e olacaklar\u0131n\u0131 belirtirken, mahalleye yap\u0131lacak yat\u0131r\u0131mlar\u0131 anlatt\u0131. Ba\u015fkan Balaban konu\u015fmas\u0131nda \u015funlar\u0131 s\u00f6yledi: &#8220;Hizmeti sizin aya\u011f\u0131n\u0131za getirece\u011fiz. Manisa B\u00fcy\u00fck\u015fehir Bakan\u0131m\u0131z Ferdi Zeyrek\u2019le beraber Barbaros Mahallesi\u2019nde bir d\u00fc\u011f\u00fcn salonunu ve bir hal\u0131 sahay\u0131 hizmete a\u00e7aca\u011f\u0131z. \u00d6te yandan sanat da m\u00fczik de insanlar\u0131n en do\u011fal hakk\u0131d\u0131r. Bu ekonomik krizde zor g\u00fcnlerden ge\u00e7erken bir nefes almak ve e\u011flenmek sizlerin de en do\u011fal hakk\u0131d\u0131r. Bu etkinliklerde eme\u011fi ge\u00e7en herkese te\u015fekk\u00fcr ediyorum. Daha iyi ve g\u00fczel g\u00fcnlerde bir arada olaca\u011f\u0131z.&#8221;<br \/><\/p>\n","protected":false},"excerpt":{"rendered":"<p>Yunusemre Belediyesi\u2019nin katk\u0131lar\u0131yla Yunusemre\u2019nin Ritmi Mahallelerde At\u0131yor etkinliklerinin son dura\u011f\u0131 Barbaros Mahallesi oldu. Keyifli anlar\u0131n ya\u015fand\u0131\u011f\u0131 konserde vatanda\u015flar doyas\u0131ya e\u011flendi. Yunusemre Belediyesi, Barbaros Mahallesi\u2019nde Anjiyo Grubuna ev sahipli\u011fi yapt\u0131. Yunusemre\u2019nin Ritmi Mahallelerde At\u0131yor etkinlikleri kapsam\u0131nda Barbaros Mahallesi Manisa Tarzan\u0131 Ahmet Bedevi \u0130lkokulu\u2019nun yan\u0131nda bulunan alanda ger\u00e7ekle\u015fen konsere y\u00fczlerce ki\u015fi kat\u0131ld\u0131. Etkinlikler, \u00e7ocuklar i\u00e7in sihirbazl\u0131k ve&#8230;<\/p>\n","protected":false},"author":1,"featured_media":14919,"comment_status":"open","ping_status":"open","sticky":false,"template":"","format":"standard","meta":{"_crdt_document":"","footnotes":""},"categories":[1],"tags":[],"class_list":["post-14918","post","type-post","status-publish","format-standard","has-post-thumbnail","hentry","category-guncel"],"_links":{"self":[{"href":"https:\/\/www.egemtv.com\/index.php?rest_route=\/wp\/v2\/posts\/14918","targetHints":{"allow":["GET"]}}],"collection":[{"href":"https:\/\/www.egemtv.com\/index.php?rest_route=\/wp\/v2\/posts"}],"about":[{"href":"https:\/\/www.egemtv.com\/index.php?rest_route=\/wp\/v2\/types\/post"}],"author":[{"embeddable":true,"href":"https:\/\/www.egemtv.com\/index.php?rest_route=\/wp\/v2\/users\/1"}],"replies":[{"embeddable":true,"href":"https:\/\/www.egemtv.com\/index.php?rest_route=%2Fwp%2Fv2%2Fcomments&post=14918"}],"version-history":[{"count":1,"href":"https:\/\/www.egemtv.com\/index.php?rest_route=\/wp\/v2\/posts\/14918\/revisions"}],"predecessor-version":[{"id":14920,"href":"https:\/\/www.egemtv.com\/index.php?rest_route=\/wp\/v2\/posts\/14918\/revisions\/14920"}],"wp:featuredmedia":[{"embeddable":true,"href":"https:\/\/www.egemtv.com\/index.php?rest_route=\/wp\/v2\/media\/14919"}],"wp:attachment":[{"href":"https:\/\/www.egemtv.com\/index.php?rest_route=%2Fwp%2Fv2%2Fmedia&parent=14918"}],"wp:term":[{"taxonomy":"category","embeddable":true,"href":"https:\/\/www.egemtv.com\/index.php?rest_route=%2Fwp%2Fv2%2Fcategories&post=14918"},{"taxonomy":"post_tag","embeddable":true,"href":"https:\/\/www.egemtv.com\/index.php?rest_route=%2Fwp%2Fv2%2Ftags&post=14918"}],"curies":[{"name":"wp","href":"https:\/\/api.w.org\/{rel}","templated":true}]}}