{"id":14897,"date":"2025-02-03T12:59:46","date_gmt":"2025-02-03T09:59:46","guid":{"rendered":"https:\/\/www.egemtv.com\/?p=14897"},"modified":"2025-02-03T12:59:50","modified_gmt":"2025-02-03T09:59:50","slug":"baskan-eyup-kahveciden-belediye-kutahyaspora-tam-destek","status":"publish","type":"post","link":"https:\/\/www.egemtv.com\/?p=14897","title":{"rendered":"Ba\u015fkan Ey\u00fcp Kahveci\u2019den Belediye K\u00fctahyaspor\u2019a tam destek"},"content":{"rendered":"<p>Belediye K\u00fctahyaspor, Mu\u015f 1984\u2019\u00fc 2-1\u2019lik skorla ma\u011flup ederek \u00f6nemli bir galibiyete imza att\u0131. Kar\u015f\u0131la\u015fmay\u0131 trib\u00fcnden takip eden K\u00fctahya Belediye Ba\u015fkan\u0131 Ey\u00fcp Kahveci, taraftarlarla birlikte b\u00fcy\u00fck bir co\u015fku ya\u015fad\u0131.<br \/>\n<br \/>Ma\u00e7\u0131n biti\u015f d\u00fcd\u00fc\u011f\u00fcn\u00fcn ard\u0131ndan sahaya inen Ba\u015fkan Kahveci, oyuncular\u0131 tek tek tebrik ederek moral verdi. Galibiyetin ard\u0131ndan a\u00e7\u0131klamalarda bulunan Kahveci, &#8220;Bu galibiyetin devam\u0131 gelecek, K\u00fctahyaspor\u2019umuz hak etti\u011fi yere ula\u015facak&#8221; ifadelerini kulland\u0131.<br \/>\n<br \/>Taraftarlar\u0131n yo\u011fun ilgisiyle kar\u015f\u0131la\u015fan Ba\u015fkan Kahveci, tak\u0131m\u0131n yan\u0131nda olmaya devam edeceklerinin alt\u0131n\u0131 \u00e7izdi.<br \/><\/p>\n","protected":false},"excerpt":{"rendered":"<p>Belediye K\u00fctahyaspor, Mu\u015f 1984\u2019\u00fc 2-1\u2019lik skorla ma\u011flup ederek \u00f6nemli bir galibiyete imza att\u0131. Kar\u015f\u0131la\u015fmay\u0131 trib\u00fcnden takip eden K\u00fctahya Belediye Ba\u015fkan\u0131 Ey\u00fcp Kahveci, taraftarlarla birlikte b\u00fcy\u00fck bir co\u015fku ya\u015fad\u0131. Ma\u00e7\u0131n biti\u015f d\u00fcd\u00fc\u011f\u00fcn\u00fcn ard\u0131ndan sahaya inen Ba\u015fkan Kahveci, oyuncular\u0131 tek tek tebrik ederek moral verdi. Galibiyetin ard\u0131ndan a\u00e7\u0131klamalarda bulunan Kahveci, &#8220;Bu galibiyetin devam\u0131 gelecek, K\u00fctahyaspor\u2019umuz hak etti\u011fi&#8230;<\/p>\n","protected":false},"author":1,"featured_media":14898,"comment_status":"open","ping_status":"open","sticky":false,"template":"","format":"standard","meta":{"_crdt_document":"","footnotes":""},"categories":[4],"tags":[],"class_list":["post-14897","post","type-post","status-publish","format-standard","has-post-thumbnail","hentry","category-spor"],"_links":{"self":[{"href":"https:\/\/www.egemtv.com\/index.php?rest_route=\/wp\/v2\/posts\/14897","targetHints":{"allow":["GET"]}}],"collection":[{"href":"https:\/\/www.egemtv.com\/index.php?rest_route=\/wp\/v2\/posts"}],"about":[{"href":"https:\/\/www.egemtv.com\/index.php?rest_route=\/wp\/v2\/types\/post"}],"author":[{"embeddable":true,"href":"https:\/\/www.egemtv.com\/index.php?rest_route=\/wp\/v2\/users\/1"}],"replies":[{"embeddable":true,"href":"https:\/\/www.egemtv.com\/index.php?rest_route=%2Fwp%2Fv2%2Fcomments&post=14897"}],"version-history":[{"count":1,"href":"https:\/\/www.egemtv.com\/index.php?rest_route=\/wp\/v2\/posts\/14897\/revisions"}],"predecessor-version":[{"id":14899,"href":"https:\/\/www.egemtv.com\/index.php?rest_route=\/wp\/v2\/posts\/14897\/revisions\/14899"}],"wp:featuredmedia":[{"embeddable":true,"href":"https:\/\/www.egemtv.com\/index.php?rest_route=\/wp\/v2\/media\/14898"}],"wp:attachment":[{"href":"https:\/\/www.egemtv.com\/index.php?rest_route=%2Fwp%2Fv2%2Fmedia&parent=14897"}],"wp:term":[{"taxonomy":"category","embeddable":true,"href":"https:\/\/www.egemtv.com\/index.php?rest_route=%2Fwp%2Fv2%2Fcategories&post=14897"},{"taxonomy":"post_tag","embeddable":true,"href":"https:\/\/www.egemtv.com\/index.php?rest_route=%2Fwp%2Fv2%2Ftags&post=14897"}],"curies":[{"name":"wp","href":"https:\/\/api.w.org\/{rel}","templated":true}]}}