{"id":14894,"date":"2025-02-03T12:53:40","date_gmt":"2025-02-03T09:53:40","guid":{"rendered":"https:\/\/www.egemtv.com\/?p=14894"},"modified":"2025-02-03T12:53:45","modified_gmt":"2025-02-03T09:53:45","slug":"okul-cevreleri-denetlendi","status":"publish","type":"post","link":"https:\/\/www.egemtv.com\/?p=14894","title":{"rendered":"Okul \u00e7evreleri denetlendi"},"content":{"rendered":"<p>Ayd\u0131n\u2019da ikinci e\u011fitim \u00f6\u011fretim d\u00f6neminin ba\u015flamas\u0131 ile birlikte jandarma ekipleri de okul \u00e7evrelerinde denetim ger\u00e7ekle\u015ftirdi. Servisleri denetleyen ekipler, \u00f6\u011frencileri de trafik kurallar\u0131 konusunda bilgilendirdi.<\/p>\n<p>Ayd\u0131n \u0130l Jandarma Komutanl\u0131\u011f\u0131 Trafik \u015eube M\u00fcd\u00fcrl\u00fc\u011f\u00fcne ba\u011fl\u0131 Trafik Jandarmas\u0131 taraf\u0131ndan Ayd\u0131n genelinde 2024-2025 E\u011fitim \u00d6\u011fretim Y\u0131l\u0131 2. D\u00f6neminin ba\u015flamas\u0131 ile birlikte denetimlerine ba\u015flad\u0131. \u00d6\u011frencilerin huzur ve g\u00fcven i\u00e7erisinde e\u011fitim g\u00f6rmeleri amac\u0131yla okul \u00e7evrelerinde denetim ger\u00e7ekle\u015ftiren ekipler, \u00f6\u011frenci ta\u015f\u0131mac\u0131l\u0131\u011f\u0131 yapan servisleri de kontrol etti. \u00d6\u011frencilerin okul servis ara\u00e7lar\u0131nda uymas\u0131 gereken kurallar, emniyet kemerinin \u00f6nemi ile ilgili \u00f6\u011frenci ve servis s\u00fcr\u00fcc\u00fclerine de bilgilendirme yap\u0131ld\u0131.<br \/><\/p>\n","protected":false},"excerpt":{"rendered":"<p>Ayd\u0131n\u2019da ikinci e\u011fitim \u00f6\u011fretim d\u00f6neminin ba\u015flamas\u0131 ile birlikte jandarma ekipleri de okul \u00e7evrelerinde denetim ger\u00e7ekle\u015ftirdi. Servisleri denetleyen ekipler, \u00f6\u011frencileri de trafik kurallar\u0131 konusunda bilgilendirdi. Ayd\u0131n \u0130l Jandarma Komutanl\u0131\u011f\u0131 Trafik \u015eube M\u00fcd\u00fcrl\u00fc\u011f\u00fcne ba\u011fl\u0131 Trafik Jandarmas\u0131 taraf\u0131ndan Ayd\u0131n genelinde 2024-2025 E\u011fitim \u00d6\u011fretim Y\u0131l\u0131 2. D\u00f6neminin ba\u015flamas\u0131 ile birlikte denetimlerine ba\u015flad\u0131. \u00d6\u011frencilerin huzur ve g\u00fcven i\u00e7erisinde e\u011fitim g\u00f6rmeleri&#8230;<\/p>\n","protected":false},"author":1,"featured_media":14895,"comment_status":"open","ping_status":"open","sticky":false,"template":"","format":"standard","meta":{"_crdt_document":"","footnotes":""},"categories":[1],"tags":[],"class_list":["post-14894","post","type-post","status-publish","format-standard","has-post-thumbnail","hentry","category-guncel"],"_links":{"self":[{"href":"https:\/\/www.egemtv.com\/index.php?rest_route=\/wp\/v2\/posts\/14894","targetHints":{"allow":["GET"]}}],"collection":[{"href":"https:\/\/www.egemtv.com\/index.php?rest_route=\/wp\/v2\/posts"}],"about":[{"href":"https:\/\/www.egemtv.com\/index.php?rest_route=\/wp\/v2\/types\/post"}],"author":[{"embeddable":true,"href":"https:\/\/www.egemtv.com\/index.php?rest_route=\/wp\/v2\/users\/1"}],"replies":[{"embeddable":true,"href":"https:\/\/www.egemtv.com\/index.php?rest_route=%2Fwp%2Fv2%2Fcomments&post=14894"}],"version-history":[{"count":1,"href":"https:\/\/www.egemtv.com\/index.php?rest_route=\/wp\/v2\/posts\/14894\/revisions"}],"predecessor-version":[{"id":14896,"href":"https:\/\/www.egemtv.com\/index.php?rest_route=\/wp\/v2\/posts\/14894\/revisions\/14896"}],"wp:featuredmedia":[{"embeddable":true,"href":"https:\/\/www.egemtv.com\/index.php?rest_route=\/wp\/v2\/media\/14895"}],"wp:attachment":[{"href":"https:\/\/www.egemtv.com\/index.php?rest_route=%2Fwp%2Fv2%2Fmedia&parent=14894"}],"wp:term":[{"taxonomy":"category","embeddable":true,"href":"https:\/\/www.egemtv.com\/index.php?rest_route=%2Fwp%2Fv2%2Fcategories&post=14894"},{"taxonomy":"post_tag","embeddable":true,"href":"https:\/\/www.egemtv.com\/index.php?rest_route=%2Fwp%2Fv2%2Ftags&post=14894"}],"curies":[{"name":"wp","href":"https:\/\/api.w.org\/{rel}","templated":true}]}}