{"id":14891,"date":"2025-02-03T12:53:34","date_gmt":"2025-02-03T09:53:34","guid":{"rendered":"https:\/\/www.egemtv.com\/?p=14891"},"modified":"2025-02-03T12:53:40","modified_gmt":"2025-02-03T09:53:40","slug":"ortacada-ekmek-15-lira-oldu","status":"publish","type":"post","link":"https:\/\/www.egemtv.com\/?p=14891","title":{"rendered":"Ortaca\u2019da ekmek 15 lira oldu"},"content":{"rendered":"<p>Mu\u011fla\u2019n\u0131n Ortaca il\u00e7esinde ekmek 15 lira oldu.<\/p>\n<p>Ortaca\u2019da ekmek ve f\u0131r\u0131n \u00fcr\u00fcnlerinde fiyatlar y\u00fczde 50\u2019ye varan oranda zamland\u0131. Ortaca\u2019da bug\u00fcnden ge\u00e7erli olmak \u00fczere, 10 liraya sat\u0131lan ekmek 15 liraya \u00e7\u0131karken, 15 liraya sat\u0131lan bo\u011faca ve simit gibi \u00fcr\u00fcnlerin fiyat\u0131 da 20 liraya \u00e7\u0131kt\u0131. Bir\u00e7ok f\u0131r\u0131n\u0131n bug\u00fcn itibariyle fiyat zamm\u0131n\u0131 yans\u0131tt\u0131klar\u0131 \u00f6\u011frenildi.<br \/><\/p>\n","protected":false},"excerpt":{"rendered":"<p>Mu\u011fla\u2019n\u0131n Ortaca il\u00e7esinde ekmek 15 lira oldu. Ortaca\u2019da ekmek ve f\u0131r\u0131n \u00fcr\u00fcnlerinde fiyatlar y\u00fczde 50\u2019ye varan oranda zamland\u0131. Ortaca\u2019da bug\u00fcnden ge\u00e7erli olmak \u00fczere, 10 liraya sat\u0131lan ekmek 15 liraya \u00e7\u0131karken, 15 liraya sat\u0131lan bo\u011faca ve simit gibi \u00fcr\u00fcnlerin fiyat\u0131 da 20 liraya \u00e7\u0131kt\u0131. Bir\u00e7ok f\u0131r\u0131n\u0131n bug\u00fcn itibariyle fiyat zamm\u0131n\u0131 yans\u0131tt\u0131klar\u0131 \u00f6\u011frenildi.<\/p>\n","protected":false},"author":1,"featured_media":14892,"comment_status":"open","ping_status":"open","sticky":false,"template":"","format":"standard","meta":{"_crdt_document":"","footnotes":""},"categories":[125],"tags":[],"class_list":["post-14891","post","type-post","status-publish","format-standard","has-post-thumbnail","hentry","category-ekonomi"],"_links":{"self":[{"href":"https:\/\/www.egemtv.com\/index.php?rest_route=\/wp\/v2\/posts\/14891","targetHints":{"allow":["GET"]}}],"collection":[{"href":"https:\/\/www.egemtv.com\/index.php?rest_route=\/wp\/v2\/posts"}],"about":[{"href":"https:\/\/www.egemtv.com\/index.php?rest_route=\/wp\/v2\/types\/post"}],"author":[{"embeddable":true,"href":"https:\/\/www.egemtv.com\/index.php?rest_route=\/wp\/v2\/users\/1"}],"replies":[{"embeddable":true,"href":"https:\/\/www.egemtv.com\/index.php?rest_route=%2Fwp%2Fv2%2Fcomments&post=14891"}],"version-history":[{"count":1,"href":"https:\/\/www.egemtv.com\/index.php?rest_route=\/wp\/v2\/posts\/14891\/revisions"}],"predecessor-version":[{"id":14893,"href":"https:\/\/www.egemtv.com\/index.php?rest_route=\/wp\/v2\/posts\/14891\/revisions\/14893"}],"wp:featuredmedia":[{"embeddable":true,"href":"https:\/\/www.egemtv.com\/index.php?rest_route=\/wp\/v2\/media\/14892"}],"wp:attachment":[{"href":"https:\/\/www.egemtv.com\/index.php?rest_route=%2Fwp%2Fv2%2Fmedia&parent=14891"}],"wp:term":[{"taxonomy":"category","embeddable":true,"href":"https:\/\/www.egemtv.com\/index.php?rest_route=%2Fwp%2Fv2%2Fcategories&post=14891"},{"taxonomy":"post_tag","embeddable":true,"href":"https:\/\/www.egemtv.com\/index.php?rest_route=%2Fwp%2Fv2%2Ftags&post=14891"}],"curies":[{"name":"wp","href":"https:\/\/api.w.org\/{rel}","templated":true}]}}