{"id":14885,"date":"2025-02-03T12:38:59","date_gmt":"2025-02-03T09:38:59","guid":{"rendered":"https:\/\/www.egemtv.com\/?p=14885"},"modified":"2025-02-03T12:39:04","modified_gmt":"2025-02-03T09:39:04","slug":"kutahyada-izcilik-kampi-duzenlendi","status":"publish","type":"post","link":"https:\/\/www.egemtv.com\/?p=14885","title":{"rendered":"K\u00fctahya\u2019da izcilik kamp\u0131 d\u00fczenlendi"},"content":{"rendered":"<p>K\u00fctahya \u0130l M\u00fcft\u00fcl\u00fc\u011f\u00fc ve T\u00fcrkiye \u0130zcilik Federasyonu (T\u0130F) i\u015f birli\u011fiyle, T\u0130F-Diyanet K\u00fctahya \u0130zcilik Kul\u00fcb\u00fc \u00fcyelerine y\u00f6nelik izcilik kamp\u0131 d\u00fczenlendi.<br \/>\n<br \/>Yoncal\u0131 Osmanl\u0131 Camii yerle\u015fkesinde ger\u00e7ekle\u015ftirilen kampa yakla\u015f\u0131k 40 izci kat\u0131ld\u0131. \u0130ki gece \u00fc\u00e7 g\u00fcn s\u00fcren kampta; kamp \u00fcnite faaliyetleri, izci oyunlar\u0131, ki\u015fisel geli\u015fim etkinlikleri, de\u011ferler e\u011fitimi ve be\u015f vakit namaz\u0131n cemaatle k\u0131l\u0131nmas\u0131 gibi \u00e7e\u015fitli programlar yer ald\u0131. Kamp\u0131n son g\u00fcn\u00fcnde ise \u0130l M\u00fcft\u00fc Yard\u0131mc\u0131s\u0131 Salim \u00dcz\u00fclmez ve \u015eube M\u00fcd\u00fcr\u00fc Cemalettin Torun\u2019un kat\u0131l\u0131m\u0131yla, Osmanl\u0131 Camii\u2019nde \u00f6\u011fle namaz\u0131 sonras\u0131 de\u011ferler e\u011fitimi sunumlar\u0131 yap\u0131ld\u0131.<br \/><\/p>\n","protected":false},"excerpt":{"rendered":"<p>K\u00fctahya \u0130l M\u00fcft\u00fcl\u00fc\u011f\u00fc ve T\u00fcrkiye \u0130zcilik Federasyonu (T\u0130F) i\u015f birli\u011fiyle, T\u0130F-Diyanet K\u00fctahya \u0130zcilik Kul\u00fcb\u00fc \u00fcyelerine y\u00f6nelik izcilik kamp\u0131 d\u00fczenlendi. Yoncal\u0131 Osmanl\u0131 Camii yerle\u015fkesinde ger\u00e7ekle\u015ftirilen kampa yakla\u015f\u0131k 40 izci kat\u0131ld\u0131. \u0130ki gece \u00fc\u00e7 g\u00fcn s\u00fcren kampta; kamp \u00fcnite faaliyetleri, izci oyunlar\u0131, ki\u015fisel geli\u015fim etkinlikleri, de\u011ferler e\u011fitimi ve be\u015f vakit namaz\u0131n cemaatle k\u0131l\u0131nmas\u0131 gibi \u00e7e\u015fitli programlar yer&#8230;<\/p>\n","protected":false},"author":1,"featured_media":14886,"comment_status":"open","ping_status":"open","sticky":false,"template":"","format":"standard","meta":{"_crdt_document":"","footnotes":""},"categories":[1],"tags":[],"class_list":["post-14885","post","type-post","status-publish","format-standard","has-post-thumbnail","hentry","category-guncel"],"_links":{"self":[{"href":"https:\/\/www.egemtv.com\/index.php?rest_route=\/wp\/v2\/posts\/14885","targetHints":{"allow":["GET"]}}],"collection":[{"href":"https:\/\/www.egemtv.com\/index.php?rest_route=\/wp\/v2\/posts"}],"about":[{"href":"https:\/\/www.egemtv.com\/index.php?rest_route=\/wp\/v2\/types\/post"}],"author":[{"embeddable":true,"href":"https:\/\/www.egemtv.com\/index.php?rest_route=\/wp\/v2\/users\/1"}],"replies":[{"embeddable":true,"href":"https:\/\/www.egemtv.com\/index.php?rest_route=%2Fwp%2Fv2%2Fcomments&post=14885"}],"version-history":[{"count":1,"href":"https:\/\/www.egemtv.com\/index.php?rest_route=\/wp\/v2\/posts\/14885\/revisions"}],"predecessor-version":[{"id":14887,"href":"https:\/\/www.egemtv.com\/index.php?rest_route=\/wp\/v2\/posts\/14885\/revisions\/14887"}],"wp:featuredmedia":[{"embeddable":true,"href":"https:\/\/www.egemtv.com\/index.php?rest_route=\/wp\/v2\/media\/14886"}],"wp:attachment":[{"href":"https:\/\/www.egemtv.com\/index.php?rest_route=%2Fwp%2Fv2%2Fmedia&parent=14885"}],"wp:term":[{"taxonomy":"category","embeddable":true,"href":"https:\/\/www.egemtv.com\/index.php?rest_route=%2Fwp%2Fv2%2Fcategories&post=14885"},{"taxonomy":"post_tag","embeddable":true,"href":"https:\/\/www.egemtv.com\/index.php?rest_route=%2Fwp%2Fv2%2Ftags&post=14885"}],"curies":[{"name":"wp","href":"https:\/\/api.w.org\/{rel}","templated":true}]}}