{"id":14879,"date":"2025-02-03T12:38:49","date_gmt":"2025-02-03T09:38:49","guid":{"rendered":"https:\/\/www.egemtv.com\/?p=14879"},"modified":"2025-02-03T12:38:54","modified_gmt":"2025-02-03T09:38:54","slug":"adin-suca-karisti-denilerek-235-bin-lira-dolandirildi","status":"publish","type":"post","link":"https:\/\/www.egemtv.com\/?p=14879","title":{"rendered":"&#8220;Ad\u0131n su\u00e7a kar\u0131\u015ft\u0131&#8221; denilerek 235 bin lira doland\u0131r\u0131ld\u0131"},"content":{"rendered":"<p>Ayd\u0131n\u2019\u0131n Karacasu il\u00e7esinde bir \u015fah\u0131s, &#8220;karakoldan arad\u0131\u011f\u0131n\u0131, ad\u0131n\u0131n su\u00e7a kar\u0131\u015ft\u0131\u011f\u0131n\u0131&#8221; s\u00f6yleyerek bir vatanda\u015f\u0131n 235 bin lira de\u011ferinde ziynet e\u015fyas\u0131n\u0131 alarak kay\u0131plara kar\u0131\u015ft\u0131. Jandarma ekiplerinin \u00e7al\u0131\u015fmas\u0131 sonucunda \u015f\u00fcpheli \u015fah\u0131s \u0130zmir\u2019de yakaland\u0131.<\/p>\n<p>Edinilen bilgiye g\u00f6re, Geyre Mahallesi\u2019nde ikamet eden bir ki\u015fi, tan\u0131mad\u0131\u011f\u0131 bir \u015fahs\u0131n kendisini &#8220;Karakoldan arad\u0131\u011f\u0131n\u0131, ad\u0131n\u0131n bir su\u00e7a kar\u0131\u015ft\u0131\u011f\u0131n\u0131 ve evinde bulunan ziynet e\u015fyalar\u0131n\u0131 teslim etmesi gerekti\u011fini&#8221; s\u00f6yledi\u011fini, ikametinde bulunan piyasa de\u011feri yakla\u015f\u0131k 235 bin TL de\u011ferinde ziynet e\u015fyas\u0131n\u0131 arayan ki\u015fiye teslim ederek doland\u0131r\u0131ld\u0131\u011f\u0131 ihbar\u0131nda bulundu. Ayd\u0131n \u0130l Jandarma Komutanl\u0131\u011f\u0131 JASAT ve Karacasu \u0130l\u00e7e Jandarma Komutanl\u0131\u011f\u0131 ekiplerince \u00f6zel ekip kurularak meydana gelen &#8220;doland\u0131r\u0131c\u0131l\u0131k&#8221; olay\u0131 detayl\u0131 bir \u015fekilde ara\u015ft\u0131r\u0131lmaya ba\u015fland\u0131. Muhtemel geli\u015f ve gidi\u015f istikametlerinde yap\u0131lan detayl\u0131 ara\u015ft\u0131rma sonucunda \u015f\u00fcpheli bir \u015fahs\u0131n kimli\u011fini gizlemek amac\u0131yla farkl\u0131 teknik ve taklitler kullanarak &#8220;doland\u0131r\u0131c\u0131l\u0131k&#8221; olay\u0131n\u0131 ger\u00e7ekle\u015ftirdi\u011fi tespit edildi. Kimlik bilgileri tespit edilen ve ma\u011fdur taraf\u0131ndan te\u015fhis edilen (M.M) isimli \u015f\u00fcpheli \u015fah\u0131s \u0130zmir\u2019in Bornova il\u00e7esinde yap\u0131lan operasyon ile yakaland\u0131. \u0130\u015flemlerinin ard\u0131ndan adli makamlara sevk edilen \u015f\u00fcpheli tutuklanmas\u0131na m\u00fcteakip Nazilli Ceza \u0130nfaz Kurumu\u2019na teslim edildi.<br \/><\/p>\n","protected":false},"excerpt":{"rendered":"<p>Ayd\u0131n\u2019\u0131n Karacasu il\u00e7esinde bir \u015fah\u0131s, &#8220;karakoldan arad\u0131\u011f\u0131n\u0131, ad\u0131n\u0131n su\u00e7a kar\u0131\u015ft\u0131\u011f\u0131n\u0131&#8221; s\u00f6yleyerek bir vatanda\u015f\u0131n 235 bin lira de\u011ferinde ziynet e\u015fyas\u0131n\u0131 alarak kay\u0131plara kar\u0131\u015ft\u0131. Jandarma ekiplerinin \u00e7al\u0131\u015fmas\u0131 sonucunda \u015f\u00fcpheli \u015fah\u0131s \u0130zmir\u2019de yakaland\u0131. Edinilen bilgiye g\u00f6re, Geyre Mahallesi\u2019nde ikamet eden bir ki\u015fi, tan\u0131mad\u0131\u011f\u0131 bir \u015fahs\u0131n kendisini &#8220;Karakoldan arad\u0131\u011f\u0131n\u0131, ad\u0131n\u0131n bir su\u00e7a kar\u0131\u015ft\u0131\u011f\u0131n\u0131 ve evinde bulunan ziynet e\u015fyalar\u0131n\u0131 teslim&#8230;<\/p>\n","protected":false},"author":1,"featured_media":14880,"comment_status":"open","ping_status":"open","sticky":false,"template":"","format":"standard","meta":{"_crdt_document":"","footnotes":""},"categories":[5],"tags":[],"class_list":["post-14879","post","type-post","status-publish","format-standard","has-post-thumbnail","hentry","category-asayis"],"_links":{"self":[{"href":"https:\/\/www.egemtv.com\/index.php?rest_route=\/wp\/v2\/posts\/14879","targetHints":{"allow":["GET"]}}],"collection":[{"href":"https:\/\/www.egemtv.com\/index.php?rest_route=\/wp\/v2\/posts"}],"about":[{"href":"https:\/\/www.egemtv.com\/index.php?rest_route=\/wp\/v2\/types\/post"}],"author":[{"embeddable":true,"href":"https:\/\/www.egemtv.com\/index.php?rest_route=\/wp\/v2\/users\/1"}],"replies":[{"embeddable":true,"href":"https:\/\/www.egemtv.com\/index.php?rest_route=%2Fwp%2Fv2%2Fcomments&post=14879"}],"version-history":[{"count":1,"href":"https:\/\/www.egemtv.com\/index.php?rest_route=\/wp\/v2\/posts\/14879\/revisions"}],"predecessor-version":[{"id":14881,"href":"https:\/\/www.egemtv.com\/index.php?rest_route=\/wp\/v2\/posts\/14879\/revisions\/14881"}],"wp:featuredmedia":[{"embeddable":true,"href":"https:\/\/www.egemtv.com\/index.php?rest_route=\/wp\/v2\/media\/14880"}],"wp:attachment":[{"href":"https:\/\/www.egemtv.com\/index.php?rest_route=%2Fwp%2Fv2%2Fmedia&parent=14879"}],"wp:term":[{"taxonomy":"category","embeddable":true,"href":"https:\/\/www.egemtv.com\/index.php?rest_route=%2Fwp%2Fv2%2Fcategories&post=14879"},{"taxonomy":"post_tag","embeddable":true,"href":"https:\/\/www.egemtv.com\/index.php?rest_route=%2Fwp%2Fv2%2Ftags&post=14879"}],"curies":[{"name":"wp","href":"https:\/\/api.w.org\/{rel}","templated":true}]}}