{"id":14876,"date":"2025-02-03T12:33:43","date_gmt":"2025-02-03T09:33:43","guid":{"rendered":"https:\/\/www.egemtv.com\/?p=14876"},"modified":"2025-02-03T12:33:48","modified_gmt":"2025-02-03T09:33:48","slug":"nazillideki-mahallelerde-temizlik-calismasi-suruyor","status":"publish","type":"post","link":"https:\/\/www.egemtv.com\/?p=14876","title":{"rendered":"Nazilli\u2019deki mahallelerde temizlik \u00e7al\u0131\u015fmas\u0131 s\u00fcr\u00fcyor"},"content":{"rendered":"<p>Nazilli Belediyesi il\u00e7enin d\u00f6rt bir yan\u0131nda temizlik \u00e7al\u0131\u015fmalar\u0131na h\u0131z kesmeden devam ediyor. Son olarak Yeni Sanayi ve Ye\u015fil Mahalle\u2019de ger\u00e7ekle\u015ftirilen kapsaml\u0131 temizlik \u00e7al\u0131\u015fmas\u0131yla sokaklar, parklar ve kald\u0131r\u0131mlar temizlendi.<\/p>\n<p>Nazilli Belediyesi Temizlik \u0130\u015fleri M\u00fcd\u00fcrl\u00fc\u011f\u00fc ekipleri, Ye\u015fil ve Yeni Sanayi Mahallesi\u2019nde kapsaml\u0131 temizlik \u00e7al\u0131\u015fmas\u0131 ger\u00e7ekle\u015ftirdi. D\u00fczenli temizlik \u00e7al\u0131\u015fmalar\u0131ndan duyduklar\u0131 memnuniyeti dile getiren Ye\u015fil Mahalle Muhtar\u0131 \u015eenol \u00d6zt\u00fcrk ve Yeni Sanayi Mahalle Muhtar\u0131 Osman Yal\u0131n; \u00e7evre temizli\u011fine herkesin katk\u0131 sa\u011flamas\u0131 gerekti\u011fini vurgulayarak ekiplere te\u015fekk\u00fcr etti. Temizlik \u00e7al\u0131\u015fmalar\u0131n\u0131n rutin olarak s\u00fcrd\u00fcr\u00fclece\u011fini kaydeden Nazilli Belediye Ba\u015fkan\u0131 Dr. Ertu\u011frul Tetik; &#8220;Halk\u0131m\u0131z\u0131n daha sa\u011fl\u0131kl\u0131 ve ya\u015fanabilir bir \u00e7evrede olmas\u0131 i\u00e7in \u00e7al\u0131\u015fmalar\u0131m\u0131z\u0131 kararl\u0131l\u0131kla s\u00fcrd\u00fcr\u00fcyoruz. Temiz tutmak, temizlemekten daha \u00f6nemlidir. Bu konuda vatanda\u015flar\u0131m\u0131z\u0131n da duyarl\u0131 olmas\u0131n\u0131 bekliyoruz&#8221; s\u00f6zlerini kaydetti.<br \/><\/p>\n","protected":false},"excerpt":{"rendered":"<p>Nazilli Belediyesi il\u00e7enin d\u00f6rt bir yan\u0131nda temizlik \u00e7al\u0131\u015fmalar\u0131na h\u0131z kesmeden devam ediyor. Son olarak Yeni Sanayi ve Ye\u015fil Mahalle\u2019de ger\u00e7ekle\u015ftirilen kapsaml\u0131 temizlik \u00e7al\u0131\u015fmas\u0131yla sokaklar, parklar ve kald\u0131r\u0131mlar temizlendi. Nazilli Belediyesi Temizlik \u0130\u015fleri M\u00fcd\u00fcrl\u00fc\u011f\u00fc ekipleri, Ye\u015fil ve Yeni Sanayi Mahallesi\u2019nde kapsaml\u0131 temizlik \u00e7al\u0131\u015fmas\u0131 ger\u00e7ekle\u015ftirdi. D\u00fczenli temizlik \u00e7al\u0131\u015fmalar\u0131ndan duyduklar\u0131 memnuniyeti dile getiren Ye\u015fil Mahalle Muhtar\u0131 \u015eenol \u00d6zt\u00fcrk&#8230;<\/p>\n","protected":false},"author":1,"featured_media":14877,"comment_status":"open","ping_status":"open","sticky":false,"template":"","format":"standard","meta":{"_crdt_document":"","footnotes":""},"categories":[1],"tags":[],"class_list":["post-14876","post","type-post","status-publish","format-standard","has-post-thumbnail","hentry","category-guncel"],"_links":{"self":[{"href":"https:\/\/www.egemtv.com\/index.php?rest_route=\/wp\/v2\/posts\/14876","targetHints":{"allow":["GET"]}}],"collection":[{"href":"https:\/\/www.egemtv.com\/index.php?rest_route=\/wp\/v2\/posts"}],"about":[{"href":"https:\/\/www.egemtv.com\/index.php?rest_route=\/wp\/v2\/types\/post"}],"author":[{"embeddable":true,"href":"https:\/\/www.egemtv.com\/index.php?rest_route=\/wp\/v2\/users\/1"}],"replies":[{"embeddable":true,"href":"https:\/\/www.egemtv.com\/index.php?rest_route=%2Fwp%2Fv2%2Fcomments&post=14876"}],"version-history":[{"count":1,"href":"https:\/\/www.egemtv.com\/index.php?rest_route=\/wp\/v2\/posts\/14876\/revisions"}],"predecessor-version":[{"id":14878,"href":"https:\/\/www.egemtv.com\/index.php?rest_route=\/wp\/v2\/posts\/14876\/revisions\/14878"}],"wp:featuredmedia":[{"embeddable":true,"href":"https:\/\/www.egemtv.com\/index.php?rest_route=\/wp\/v2\/media\/14877"}],"wp:attachment":[{"href":"https:\/\/www.egemtv.com\/index.php?rest_route=%2Fwp%2Fv2%2Fmedia&parent=14876"}],"wp:term":[{"taxonomy":"category","embeddable":true,"href":"https:\/\/www.egemtv.com\/index.php?rest_route=%2Fwp%2Fv2%2Fcategories&post=14876"},{"taxonomy":"post_tag","embeddable":true,"href":"https:\/\/www.egemtv.com\/index.php?rest_route=%2Fwp%2Fv2%2Ftags&post=14876"}],"curies":[{"name":"wp","href":"https:\/\/api.w.org\/{rel}","templated":true}]}}