{"id":14873,"date":"2025-02-03T12:33:38","date_gmt":"2025-02-03T09:33:38","guid":{"rendered":"https:\/\/www.egemtv.com\/?p=14873"},"modified":"2025-02-03T12:33:43","modified_gmt":"2025-02-03T09:33:43","slug":"hazine-arazisinde-kacak-kazi-yapan-sahislar-yakalandi","status":"publish","type":"post","link":"https:\/\/www.egemtv.com\/?p=14873","title":{"rendered":"Hazine arazisinde ka\u00e7ak kaz\u0131 yapan \u015fah\u0131slar yakaland\u0131"},"content":{"rendered":"<p>Ayd\u0131n\u2019\u0131n Didim il\u00e7esinde hazine arazisinde ka\u00e7ak kaz\u0131 yapan 2 \u015fah\u0131s jandarma ekipleri taraf\u0131ndan yakaland\u0131.<\/p>\n<p>Ayd\u0131n\u2019da jandarma ekipleri vatanda\u015flar\u0131n huzur ve g\u00fcvenli\u011fi i\u00e7in \u00e7al\u0131\u015fmalar\u0131n\u0131 s\u00fcrd\u00fcr\u00fcyor. Ger\u00e7ekle\u015ftirdi\u011fi devriyeler ile su\u00e7 ve su\u00e7lulara g\u00f6z a\u00e7t\u0131rmayan ekipler, ba\u015far\u0131l\u0131 \u00e7al\u0131\u015fmalar\u0131na bir yenisini daha ekledi. Edinilen bilgiye g\u00f6re, Didim \u0130l\u00e7e Jandarma Komutanl\u0131\u011f\u0131 ekipleri taraf\u0131ndan Akk\u00f6y Mahallesi\u2019nde ger\u00e7ekle\u015ftirilen devriye esnas\u0131nda 2 \u015fahs\u0131n paletli kep\u00e7e ile M.N.T. ve C.Y. isimli \u015f\u00fcpheli \u015fah\u0131slar\u0131n ad\u0131na hazine arazisinde izinsiz kaz\u0131 yapt\u0131\u011f\u0131 tespit edildi. \u015eah\u0131slar hakk\u0131nda adli ve idari s\u00fcrecin devam etti\u011fi \u00f6\u011frenildi.<br \/><\/p>\n","protected":false},"excerpt":{"rendered":"<p>Ayd\u0131n\u2019\u0131n Didim il\u00e7esinde hazine arazisinde ka\u00e7ak kaz\u0131 yapan 2 \u015fah\u0131s jandarma ekipleri taraf\u0131ndan yakaland\u0131. Ayd\u0131n\u2019da jandarma ekipleri vatanda\u015flar\u0131n huzur ve g\u00fcvenli\u011fi i\u00e7in \u00e7al\u0131\u015fmalar\u0131n\u0131 s\u00fcrd\u00fcr\u00fcyor. Ger\u00e7ekle\u015ftirdi\u011fi devriyeler ile su\u00e7 ve su\u00e7lulara g\u00f6z a\u00e7t\u0131rmayan ekipler, ba\u015far\u0131l\u0131 \u00e7al\u0131\u015fmalar\u0131na bir yenisini daha ekledi. Edinilen bilgiye g\u00f6re, Didim \u0130l\u00e7e Jandarma Komutanl\u0131\u011f\u0131 ekipleri taraf\u0131ndan Akk\u00f6y Mahallesi\u2019nde ger\u00e7ekle\u015ftirilen devriye esnas\u0131nda 2 \u015fahs\u0131n&#8230;<\/p>\n","protected":false},"author":1,"featured_media":14874,"comment_status":"open","ping_status":"open","sticky":false,"template":"","format":"standard","meta":{"_crdt_document":"","footnotes":""},"categories":[5],"tags":[],"class_list":["post-14873","post","type-post","status-publish","format-standard","has-post-thumbnail","hentry","category-asayis"],"_links":{"self":[{"href":"https:\/\/www.egemtv.com\/index.php?rest_route=\/wp\/v2\/posts\/14873","targetHints":{"allow":["GET"]}}],"collection":[{"href":"https:\/\/www.egemtv.com\/index.php?rest_route=\/wp\/v2\/posts"}],"about":[{"href":"https:\/\/www.egemtv.com\/index.php?rest_route=\/wp\/v2\/types\/post"}],"author":[{"embeddable":true,"href":"https:\/\/www.egemtv.com\/index.php?rest_route=\/wp\/v2\/users\/1"}],"replies":[{"embeddable":true,"href":"https:\/\/www.egemtv.com\/index.php?rest_route=%2Fwp%2Fv2%2Fcomments&post=14873"}],"version-history":[{"count":1,"href":"https:\/\/www.egemtv.com\/index.php?rest_route=\/wp\/v2\/posts\/14873\/revisions"}],"predecessor-version":[{"id":14875,"href":"https:\/\/www.egemtv.com\/index.php?rest_route=\/wp\/v2\/posts\/14873\/revisions\/14875"}],"wp:featuredmedia":[{"embeddable":true,"href":"https:\/\/www.egemtv.com\/index.php?rest_route=\/wp\/v2\/media\/14874"}],"wp:attachment":[{"href":"https:\/\/www.egemtv.com\/index.php?rest_route=%2Fwp%2Fv2%2Fmedia&parent=14873"}],"wp:term":[{"taxonomy":"category","embeddable":true,"href":"https:\/\/www.egemtv.com\/index.php?rest_route=%2Fwp%2Fv2%2Fcategories&post=14873"},{"taxonomy":"post_tag","embeddable":true,"href":"https:\/\/www.egemtv.com\/index.php?rest_route=%2Fwp%2Fv2%2Ftags&post=14873"}],"curies":[{"name":"wp","href":"https:\/\/api.w.org\/{rel}","templated":true}]}}