{"id":14870,"date":"2025-02-03T12:26:53","date_gmt":"2025-02-03T09:26:53","guid":{"rendered":"https:\/\/www.egemtv.com\/?p=14870"},"modified":"2025-02-03T12:26:57","modified_gmt":"2025-02-03T09:26:57","slug":"kahveciden-u-17-takimina-tribunden-destek","status":"publish","type":"post","link":"https:\/\/www.egemtv.com\/?p=14870","title":{"rendered":"Kahveci\u2019den U-17 tak\u0131m\u0131na trib\u00fcnden destek"},"content":{"rendered":"<p>K\u00fctahya Belediye Ba\u015fkan\u0131 Ey\u00fcp Kahveci, Belediye K\u00fctahyaspor U-17 Geli\u015fim Ligi tak\u0131m\u0131n\u0131n As\u0131m Alk\u0131\u015f Stad\u0131\u2019nda Karacabey Belediyespor ile oynad\u0131\u011f\u0131 kar\u015f\u0131la\u015fmay\u0131 trib\u00fcnden takip ederek gen\u00e7 sporculara moral verdi.<br \/>\n<br \/>Ba\u015fkan Kahveci\u2019nin deste\u011fini arkas\u0131na alan Belediye K\u00fctahyaspor U-17 Tak\u0131m\u0131, sahada g\u00f6sterdi\u011fi \u00fcst\u00fcn performansla rakibini 2-1 ma\u011flup etmeyi ba\u015fard\u0131. Gen\u00e7 oyuncular\u0131n att\u0131\u011f\u0131 goller taraftarlara co\u015fku dolu anlar ya\u015fat\u0131rken, ma\u00e7 boyunca sergilenen etkili oyun K\u00fctahyaspor sevdal\u0131lar\u0131n\u0131n gurur kayna\u011f\u0131 oldu. Ma\u00e7\u0131n ard\u0131ndan a\u00e7\u0131klamalarda bulunan Ba\u015fkan Ey\u00fcp Kahveci, gen\u00e7 sporcularla bir arada olman\u0131n ve onlar\u0131n heyecan\u0131n\u0131 payla\u015fman\u0131n kendisi i\u00e7in b\u00fcy\u00fck bir mutluluk oldu\u011funu belirterek, kul\u00fcbe olan deste\u011finin s\u00fcrece\u011fini vurgulad\u0131.<br \/><\/p>\n","protected":false},"excerpt":{"rendered":"<p>K\u00fctahya Belediye Ba\u015fkan\u0131 Ey\u00fcp Kahveci, Belediye K\u00fctahyaspor U-17 Geli\u015fim Ligi tak\u0131m\u0131n\u0131n As\u0131m Alk\u0131\u015f Stad\u0131\u2019nda Karacabey Belediyespor ile oynad\u0131\u011f\u0131 kar\u015f\u0131la\u015fmay\u0131 trib\u00fcnden takip ederek gen\u00e7 sporculara moral verdi. Ba\u015fkan Kahveci\u2019nin deste\u011fini arkas\u0131na alan Belediye K\u00fctahyaspor U-17 Tak\u0131m\u0131, sahada g\u00f6sterdi\u011fi \u00fcst\u00fcn performansla rakibini 2-1 ma\u011flup etmeyi ba\u015fard\u0131. Gen\u00e7 oyuncular\u0131n att\u0131\u011f\u0131 goller taraftarlara co\u015fku dolu anlar ya\u015fat\u0131rken, ma\u00e7 boyunca&#8230;<\/p>\n","protected":false},"author":1,"featured_media":14871,"comment_status":"open","ping_status":"open","sticky":false,"template":"","format":"standard","meta":{"_crdt_document":"","footnotes":""},"categories":[4],"tags":[],"class_list":["post-14870","post","type-post","status-publish","format-standard","has-post-thumbnail","hentry","category-spor"],"_links":{"self":[{"href":"https:\/\/www.egemtv.com\/index.php?rest_route=\/wp\/v2\/posts\/14870","targetHints":{"allow":["GET"]}}],"collection":[{"href":"https:\/\/www.egemtv.com\/index.php?rest_route=\/wp\/v2\/posts"}],"about":[{"href":"https:\/\/www.egemtv.com\/index.php?rest_route=\/wp\/v2\/types\/post"}],"author":[{"embeddable":true,"href":"https:\/\/www.egemtv.com\/index.php?rest_route=\/wp\/v2\/users\/1"}],"replies":[{"embeddable":true,"href":"https:\/\/www.egemtv.com\/index.php?rest_route=%2Fwp%2Fv2%2Fcomments&post=14870"}],"version-history":[{"count":1,"href":"https:\/\/www.egemtv.com\/index.php?rest_route=\/wp\/v2\/posts\/14870\/revisions"}],"predecessor-version":[{"id":14872,"href":"https:\/\/www.egemtv.com\/index.php?rest_route=\/wp\/v2\/posts\/14870\/revisions\/14872"}],"wp:featuredmedia":[{"embeddable":true,"href":"https:\/\/www.egemtv.com\/index.php?rest_route=\/wp\/v2\/media\/14871"}],"wp:attachment":[{"href":"https:\/\/www.egemtv.com\/index.php?rest_route=%2Fwp%2Fv2%2Fmedia&parent=14870"}],"wp:term":[{"taxonomy":"category","embeddable":true,"href":"https:\/\/www.egemtv.com\/index.php?rest_route=%2Fwp%2Fv2%2Fcategories&post=14870"},{"taxonomy":"post_tag","embeddable":true,"href":"https:\/\/www.egemtv.com\/index.php?rest_route=%2Fwp%2Fv2%2Ftags&post=14870"}],"curies":[{"name":"wp","href":"https:\/\/api.w.org\/{rel}","templated":true}]}}