{"id":14867,"date":"2025-02-03T12:26:48","date_gmt":"2025-02-03T09:26:48","guid":{"rendered":"https:\/\/www.egemtv.com\/?p=14867"},"modified":"2025-02-03T12:26:52","modified_gmt":"2025-02-03T09:26:52","slug":"kutahyada-332-koyde-4-bin-114-vatandasa-orman-yanginlari-ile-mucadele-yontemleri-konulu-egitim","status":"publish","type":"post","link":"https:\/\/www.egemtv.com\/?p=14867","title":{"rendered":"K\u00fctahya\u2019da 332 k\u00f6yde 4 bin 114 vatanda\u015fa &#8220;Orman yang\u0131nlar\u0131 ile m\u00fccadele y\u00f6ntemleri&#8221; konulu e\u011fitim"},"content":{"rendered":"<p>K\u00fctahya Orman B\u00f6lge M\u00fcd\u00fcrl\u00fc\u011f\u00fcnce y\u0131lba\u015f\u0131ndan bu yana 332 k\u00f6yde 4 bin 114 vatanda\u015fa, &#8220;Orman yang\u0131nlar\u0131 ile m\u00fccadele y\u00f6ntemleri&#8221; konulu e\u011fitim verildi\u011fi bildirildi.<br \/>\n<br \/>Orman B\u00f6lge M\u00fcd\u00fcrl\u00fc\u011f\u00fcnce orman k\u00f6yl\u00fclerine y\u00f6nelik verilen orman yang\u0131nlar\u0131yla m\u00fccadele e\u011fitimlerinde, vatanda\u015flar\u0131n al\u0131nacak \u00f6nleyici tedbirler, yang\u0131n esnas\u0131nda hareket tarzlar\u0131 anlat\u0131ld\u0131. Ayr\u0131ca di\u011fer ormanc\u0131l\u0131k konular\u0131nda istek ve temennileri dinlendi. Orman B\u00f6lge M\u00fcd\u00fcrl\u00fc\u011f\u00fcnden yap\u0131lan a\u00e7\u0131klamada,  24-31 Ocak 2025 tarihleri aras\u0131nda 71 k\u00f6yde bin 64 vatanda\u015fa, 7 Ocak 2025 tarihinden bug\u00fcne kadar toplam 332 k\u00f6yde 4 bin 114 vatanda\u015fa Orman yang\u0131nlar\u0131 ile m\u00fccadele y\u00f6ntemleri&#8221; konulu e\u011fitim verildi\u011fini, e\u011fitimlerin t\u00fcm k\u00f6ylerde plan dahilinde verilece\u011fi ifade edildi.<br \/><\/p>\n","protected":false},"excerpt":{"rendered":"<p>K\u00fctahya Orman B\u00f6lge M\u00fcd\u00fcrl\u00fc\u011f\u00fcnce y\u0131lba\u015f\u0131ndan bu yana 332 k\u00f6yde 4 bin 114 vatanda\u015fa, &#8220;Orman yang\u0131nlar\u0131 ile m\u00fccadele y\u00f6ntemleri&#8221; konulu e\u011fitim verildi\u011fi bildirildi. Orman B\u00f6lge M\u00fcd\u00fcrl\u00fc\u011f\u00fcnce orman k\u00f6yl\u00fclerine y\u00f6nelik verilen orman yang\u0131nlar\u0131yla m\u00fccadele e\u011fitimlerinde, vatanda\u015flar\u0131n al\u0131nacak \u00f6nleyici tedbirler, yang\u0131n esnas\u0131nda hareket tarzlar\u0131 anlat\u0131ld\u0131. Ayr\u0131ca di\u011fer ormanc\u0131l\u0131k konular\u0131nda istek ve temennileri dinlendi. Orman B\u00f6lge M\u00fcd\u00fcrl\u00fc\u011f\u00fcnden yap\u0131lan a\u00e7\u0131klamada,&#8230;<\/p>\n","protected":false},"author":1,"featured_media":14868,"comment_status":"open","ping_status":"open","sticky":false,"template":"","format":"standard","meta":{"_crdt_document":"","footnotes":""},"categories":[1],"tags":[],"class_list":["post-14867","post","type-post","status-publish","format-standard","has-post-thumbnail","hentry","category-guncel"],"_links":{"self":[{"href":"https:\/\/www.egemtv.com\/index.php?rest_route=\/wp\/v2\/posts\/14867","targetHints":{"allow":["GET"]}}],"collection":[{"href":"https:\/\/www.egemtv.com\/index.php?rest_route=\/wp\/v2\/posts"}],"about":[{"href":"https:\/\/www.egemtv.com\/index.php?rest_route=\/wp\/v2\/types\/post"}],"author":[{"embeddable":true,"href":"https:\/\/www.egemtv.com\/index.php?rest_route=\/wp\/v2\/users\/1"}],"replies":[{"embeddable":true,"href":"https:\/\/www.egemtv.com\/index.php?rest_route=%2Fwp%2Fv2%2Fcomments&post=14867"}],"version-history":[{"count":1,"href":"https:\/\/www.egemtv.com\/index.php?rest_route=\/wp\/v2\/posts\/14867\/revisions"}],"predecessor-version":[{"id":14869,"href":"https:\/\/www.egemtv.com\/index.php?rest_route=\/wp\/v2\/posts\/14867\/revisions\/14869"}],"wp:featuredmedia":[{"embeddable":true,"href":"https:\/\/www.egemtv.com\/index.php?rest_route=\/wp\/v2\/media\/14868"}],"wp:attachment":[{"href":"https:\/\/www.egemtv.com\/index.php?rest_route=%2Fwp%2Fv2%2Fmedia&parent=14867"}],"wp:term":[{"taxonomy":"category","embeddable":true,"href":"https:\/\/www.egemtv.com\/index.php?rest_route=%2Fwp%2Fv2%2Fcategories&post=14867"},{"taxonomy":"post_tag","embeddable":true,"href":"https:\/\/www.egemtv.com\/index.php?rest_route=%2Fwp%2Fv2%2Ftags&post=14867"}],"curies":[{"name":"wp","href":"https:\/\/api.w.org\/{rel}","templated":true}]}}