{"id":14864,"date":"2025-02-03T12:26:43","date_gmt":"2025-02-03T09:26:43","guid":{"rendered":"https:\/\/www.egemtv.com\/?p=14864"},"modified":"2025-02-03T12:26:48","modified_gmt":"2025-02-03T09:26:48","slug":"sokede-aranan-sahis-yakayi-ele-verdi","status":"publish","type":"post","link":"https:\/\/www.egemtv.com\/?p=14864","title":{"rendered":"S\u00f6ke\u2019de aranan \u015fah\u0131s yakay\u0131 ele verdi"},"content":{"rendered":"<p>Ayd\u0131n\u2019\u0131n S\u00f6ke il\u00e7esinde jandarma ve emniyet ekipleri taraf\u0131ndan ger\u00e7ekle\u015ftirilen m\u00fc\u015fterek \u00e7al\u0131\u015fma kapsam\u0131nda hakk\u0131nda \u00e7e\u015fitli dosyalardan toplamda 7 y\u0131l 5 ay kesinle\u015fmi\u015f hapis cezas\u0131 bulunan \u015fah\u0131s yakaland\u0131.<\/p>\n<p>Edinilen bilgiye g\u00f6re, S\u00f6ke \u0130l\u00e7e Jandarma Komutanl\u0131\u011f\u0131 ve S\u00f6ke \u0130l\u00e7e Emniyet M\u00fcd\u00fcrl\u00fc\u011f\u00fc ekiplerince aranan \u015fah\u0131slara y\u00f6nelik m\u00fc\u015fterek \u00e7al\u0131\u015fma ger\u00e7ekle\u015ftirildi. \u00c7al\u0131\u015fmalar kapsam\u0131nda; 3 dosyadan T\u00fcrk vatanda\u015f\u0131 veya yabanc\u0131n\u0131n yurt d\u0131\u015f\u0131na \u00e7\u0131kmas\u0131na imkan sa\u011flama ile h\u00fck\u00fcml\u00fc ve tutuklunun ka\u00e7mas\u0131 su\u00e7u olmak \u00fczere toplamda 4 su\u00e7tan aranan  ve hakk\u0131nda 7 y\u0131l 5 ay kesinle\u015fmi\u015f hapis cezas\u0131 bulunan \u00dc.B. isimli \u015fah\u0131s Fevzipa\u015fa Mahallesi\u2019nede yakaland\u0131. \u015eah\u0131s, S\u00f6ke \u0130l\u00e7e Emniyet M\u00fcd\u00fcrl\u00fc\u011f\u00fc\u2019ndeki adli i\u015flemlerinin ard\u0131ndan cezaevine teslim edildi.<br \/><\/p>\n","protected":false},"excerpt":{"rendered":"<p>Ayd\u0131n\u2019\u0131n S\u00f6ke il\u00e7esinde jandarma ve emniyet ekipleri taraf\u0131ndan ger\u00e7ekle\u015ftirilen m\u00fc\u015fterek \u00e7al\u0131\u015fma kapsam\u0131nda hakk\u0131nda \u00e7e\u015fitli dosyalardan toplamda 7 y\u0131l 5 ay kesinle\u015fmi\u015f hapis cezas\u0131 bulunan \u015fah\u0131s yakaland\u0131. Edinilen bilgiye g\u00f6re, S\u00f6ke \u0130l\u00e7e Jandarma Komutanl\u0131\u011f\u0131 ve S\u00f6ke \u0130l\u00e7e Emniyet M\u00fcd\u00fcrl\u00fc\u011f\u00fc ekiplerince aranan \u015fah\u0131slara y\u00f6nelik m\u00fc\u015fterek \u00e7al\u0131\u015fma ger\u00e7ekle\u015ftirildi. \u00c7al\u0131\u015fmalar kapsam\u0131nda; 3 dosyadan T\u00fcrk vatanda\u015f\u0131 veya yabanc\u0131n\u0131n yurt d\u0131\u015f\u0131na&#8230;<\/p>\n","protected":false},"author":1,"featured_media":14865,"comment_status":"open","ping_status":"open","sticky":false,"template":"","format":"standard","meta":{"_crdt_document":"","footnotes":""},"categories":[5],"tags":[],"class_list":["post-14864","post","type-post","status-publish","format-standard","has-post-thumbnail","hentry","category-asayis"],"_links":{"self":[{"href":"https:\/\/www.egemtv.com\/index.php?rest_route=\/wp\/v2\/posts\/14864","targetHints":{"allow":["GET"]}}],"collection":[{"href":"https:\/\/www.egemtv.com\/index.php?rest_route=\/wp\/v2\/posts"}],"about":[{"href":"https:\/\/www.egemtv.com\/index.php?rest_route=\/wp\/v2\/types\/post"}],"author":[{"embeddable":true,"href":"https:\/\/www.egemtv.com\/index.php?rest_route=\/wp\/v2\/users\/1"}],"replies":[{"embeddable":true,"href":"https:\/\/www.egemtv.com\/index.php?rest_route=%2Fwp%2Fv2%2Fcomments&post=14864"}],"version-history":[{"count":1,"href":"https:\/\/www.egemtv.com\/index.php?rest_route=\/wp\/v2\/posts\/14864\/revisions"}],"predecessor-version":[{"id":14866,"href":"https:\/\/www.egemtv.com\/index.php?rest_route=\/wp\/v2\/posts\/14864\/revisions\/14866"}],"wp:featuredmedia":[{"embeddable":true,"href":"https:\/\/www.egemtv.com\/index.php?rest_route=\/wp\/v2\/media\/14865"}],"wp:attachment":[{"href":"https:\/\/www.egemtv.com\/index.php?rest_route=%2Fwp%2Fv2%2Fmedia&parent=14864"}],"wp:term":[{"taxonomy":"category","embeddable":true,"href":"https:\/\/www.egemtv.com\/index.php?rest_route=%2Fwp%2Fv2%2Fcategories&post=14864"},{"taxonomy":"post_tag","embeddable":true,"href":"https:\/\/www.egemtv.com\/index.php?rest_route=%2Fwp%2Fv2%2Ftags&post=14864"}],"curies":[{"name":"wp","href":"https:\/\/api.w.org\/{rel}","templated":true}]}}