{"id":14861,"date":"2025-02-03T12:19:54","date_gmt":"2025-02-03T09:19:54","guid":{"rendered":"https:\/\/www.egemtv.com\/?p=14861"},"modified":"2025-02-03T12:19:59","modified_gmt":"2025-02-03T09:19:59","slug":"olumlu-kazaya-neden-olan-hafriyat-kamyonu-surucusu-tutuklandi","status":"publish","type":"post","link":"https:\/\/www.egemtv.com\/?p=14861","title":{"rendered":"\u00d6l\u00fcml\u00fc kazaya neden olan hafriyat kamyonu s\u00fcr\u00fcc\u00fcs\u00fc tutukland\u0131"},"content":{"rendered":"<p>Manisa\u2019n\u0131n Kula il\u00e7esinde bir ki\u015finin ya\u015fam\u0131n\u0131 yitirmesine, 4 ki\u015finin de yaralanmas\u0131na sebep olan hafriyat kamyonu s\u00fcr\u00fcc\u00fcs\u00fc B.V. (50) tutuklanarak Salihli Ceza \u0130nfaz Kurumu\u2019na g\u00f6nderildi.<br \/>\n<br \/>Kula\u2019da 1 \u015eubat Cumartesi g\u00fcn\u00fc gece saat 23.45 s\u0131ralar\u0131nda \u0130zmir-Ankara D300 karayolu G\u00f6k\u00e7e\u00f6ren kav\u015fa\u011f\u0131 yak\u0131nlar\u0131nda meydana gelen trafik kazas\u0131nda 1 ki\u015fi ya\u015fam\u0131n\u0131 yitirmi\u015f, 4 ki\u015fi de yaralanm\u0131\u015ft\u0131. Kazan\u0131n hemen ard\u0131ndan kazaya sebep olan hafriyat kamyonu s\u00fcr\u00fcc\u00fcs\u00fc B.V.(50), n\u00f6bet\u00e7i savc\u0131l\u0131\u011f\u0131n talimat\u0131yla Kula \u0130l\u00e7e Jandarma ekipleri taraf\u0131ndan g\u00f6zalt\u0131na al\u0131nm\u0131\u015ft\u0131. Kula \u0130l\u00e7e Jandarma Komutanl\u0131\u011f\u0131\u2019na ba\u011fl\u0131 G\u00f6k\u00e7e\u00f6ren Karakol Komutanl\u0131\u011f\u0131 ekiplerince i\u015flemleri tamamlanan ve Kula Adliyesi\u2019nde hakim kar\u015f\u0131s\u0131na \u00e7\u0131kar\u0131lan hafriyat kamyonu s\u00fcr\u00fcc\u00fcs\u00fc B.V. (50), tutuklanarak Salihli Ceza \u0130nfaz Kurumu\u2019na teslim edildi. \u00d6te yandan kazada yaralanan Fatma S\u00fcel (61), Meral \u015eahin (38), Umay \u015eahin (4) ve Cevdet G\u00f6kdemir (62), Salihli Devlet Hastanesi\u2019nde tamamlanan tedavilerinin ard\u0131ndan taburcu edildi.<\/p>\n<p>Olay\u0131n ge\u00e7mi\u015fi<br \/>\n<br \/>Kaza, 1 \u015eubat Cumartesi g\u00fcn\u00fc saat 23.45 s\u0131ralar\u0131nda \u0130zmir-Ankara D300 karayolu G\u00f6k\u00e7e\u00f6ren kav\u015fa\u011f\u0131 yak\u0131nlar\u0131nda meydana geldi. \u0130zmir\u2019den U\u015fak istikametine seyir halinde olan Cevdet G\u00f6kdemir (62) idaresindeki 35 ZA 2873 plakal\u0131 kurtar\u0131c\u0131 ile ayn\u0131 y\u00f6nde seyir halinde olan Veli S\u00fcel (64) idaresindeki 23 AET 955 plakal\u0131 otomobil, G\u00f6k\u00e7e\u00f6ren tali yolundan D300 karayoluna ba\u011flanmak isteyen B.V. (50) idaresindeki 45 ABU 246 plakal\u0131 kum y\u00fckl\u00fc hafriyat kamyonuna \u00e7arpt\u0131. \u00c7arp\u0131\u015fman\u0131n \u015fiddetiyle 23 AET 955 plakal\u0131 otomobil kamyona ok gibi saplan\u0131rken, s\u00fcr\u00fcc\u00fc Veli S\u00fcel (64) ve \u00f6n koltukta yolcu olarak bulunan Fatma S\u00fcel (61) ara\u00e7 i\u00e7erisinde s\u0131k\u0131\u015ft\u0131. Ayn\u0131 ara\u00e7ta bulunan Meral \u015eahin (38) ve Umay \u015eahin (4) ile kurtar\u0131c\u0131 s\u00fcr\u00fcc\u00fcs\u00fc Cevdet G\u00f6kdemir (62) ise kazay\u0131 hafif yaral\u0131 olarak atlatt\u0131. Kazay\u0131 g\u00f6renlerin ihbar\u0131 \u00fczerine olay yerine ambulans, itfaiye, jandarma ve trafik polisleri sevk edildi. K\u0131sa s\u00fcrede olay yerine ula\u015fan Manisa B\u00fcy\u00fck\u015fehir Belediyesi\u2019ne ba\u011fl\u0131 Kula \u0130tfaiye Amirli\u011fi ekipleri, otomobil i\u00e7erisinde s\u0131k\u0131\u015fan yaral\u0131lar\u0131 kurtar\u0131p sa\u011fl\u0131k ekiplerine teslim etti. \u0130lk m\u00fcdahaleleri olay yerinde yap\u0131lan yaral\u0131lardan Fatma S\u00fcel (61), Meral \u015eahin (38), Umay \u015eahin (4) ve kurtar\u0131c\u0131 s\u00fcr\u00fcc\u00fcs\u00fc Cevdet G\u00f6kdemir (62) Salihli Devlet Hastanesi\u2019ne sevk edilirken,  a\u011f\u0131r yaral\u0131 olarak s\u0131k\u0131\u015ft\u0131\u011f\u0131 yerden kurtar\u0131lan otomobil s\u00fcr\u00fcc\u00fcs\u00fc Veli S\u00fcel (64) Kula Devlet Hastanesi\u2019ne sevk edilmi\u015f ,ancak burada doktorlar\u0131n t\u00fcm \u00e7abas\u0131na ra\u011fmen ya\u015fam m\u00fccadelesini kaybetmi\u015fti.<br \/><\/p>\n","protected":false},"excerpt":{"rendered":"<p>Manisa\u2019n\u0131n Kula il\u00e7esinde bir ki\u015finin ya\u015fam\u0131n\u0131 yitirmesine, 4 ki\u015finin de yaralanmas\u0131na sebep olan hafriyat kamyonu s\u00fcr\u00fcc\u00fcs\u00fc B.V. (50) tutuklanarak Salihli Ceza \u0130nfaz Kurumu\u2019na g\u00f6nderildi. Kula\u2019da 1 \u015eubat Cumartesi g\u00fcn\u00fc gece saat 23.45 s\u0131ralar\u0131nda \u0130zmir-Ankara D300 karayolu G\u00f6k\u00e7e\u00f6ren kav\u015fa\u011f\u0131 yak\u0131nlar\u0131nda meydana gelen trafik kazas\u0131nda 1 ki\u015fi ya\u015fam\u0131n\u0131 yitirmi\u015f, 4 ki\u015fi de yaralanm\u0131\u015ft\u0131. Kazan\u0131n hemen ard\u0131ndan kazaya&#8230;<\/p>\n","protected":false},"author":1,"featured_media":14862,"comment_status":"open","ping_status":"open","sticky":false,"template":"","format":"standard","meta":{"_crdt_document":"","footnotes":""},"categories":[5],"tags":[],"class_list":["post-14861","post","type-post","status-publish","format-standard","has-post-thumbnail","hentry","category-asayis"],"_links":{"self":[{"href":"https:\/\/www.egemtv.com\/index.php?rest_route=\/wp\/v2\/posts\/14861","targetHints":{"allow":["GET"]}}],"collection":[{"href":"https:\/\/www.egemtv.com\/index.php?rest_route=\/wp\/v2\/posts"}],"about":[{"href":"https:\/\/www.egemtv.com\/index.php?rest_route=\/wp\/v2\/types\/post"}],"author":[{"embeddable":true,"href":"https:\/\/www.egemtv.com\/index.php?rest_route=\/wp\/v2\/users\/1"}],"replies":[{"embeddable":true,"href":"https:\/\/www.egemtv.com\/index.php?rest_route=%2Fwp%2Fv2%2Fcomments&post=14861"}],"version-history":[{"count":1,"href":"https:\/\/www.egemtv.com\/index.php?rest_route=\/wp\/v2\/posts\/14861\/revisions"}],"predecessor-version":[{"id":14863,"href":"https:\/\/www.egemtv.com\/index.php?rest_route=\/wp\/v2\/posts\/14861\/revisions\/14863"}],"wp:featuredmedia":[{"embeddable":true,"href":"https:\/\/www.egemtv.com\/index.php?rest_route=\/wp\/v2\/media\/14862"}],"wp:attachment":[{"href":"https:\/\/www.egemtv.com\/index.php?rest_route=%2Fwp%2Fv2%2Fmedia&parent=14861"}],"wp:term":[{"taxonomy":"category","embeddable":true,"href":"https:\/\/www.egemtv.com\/index.php?rest_route=%2Fwp%2Fv2%2Fcategories&post=14861"},{"taxonomy":"post_tag","embeddable":true,"href":"https:\/\/www.egemtv.com\/index.php?rest_route=%2Fwp%2Fv2%2Ftags&post=14861"}],"curies":[{"name":"wp","href":"https:\/\/api.w.org\/{rel}","templated":true}]}}