{"id":14855,"date":"2025-02-03T12:17:50","date_gmt":"2025-02-03T09:17:50","guid":{"rendered":"https:\/\/www.egemtv.com\/?p=14855"},"modified":"2025-02-03T12:17:54","modified_gmt":"2025-02-03T09:17:54","slug":"afaddan-deprem-firtinasi-aciklamasi","status":"publish","type":"post","link":"https:\/\/www.egemtv.com\/?p=14855","title":{"rendered":"AFAD\u2019dan \u2019deprem f\u0131rt\u0131nas\u0131\u2019 a\u00e7\u0131klamas\u0131"},"content":{"rendered":"<p>Ege Denizi\u2019nde meydana gelen depremlerin say\u0131s\u0131n\u0131n 400\u2019\u00fcn \u00fczerine \u00e7\u0131kt\u0131\u011f\u0131n\u0131 belirten Ayd\u0131n AFAD \u0130l M\u00fcd\u00fcrl\u00fc\u011f\u00fc, sosyal medyada olu\u015fabilecek dezenformasyonlara kar\u015f\u0131 dikkatli olunmas\u0131 i\u00e7in vatanda\u015flar\u0131 uyard\u0131.<br \/>\n<br \/>Yunanistan\u2019\u0131n Santorini Adas\u0131 yak\u0131nlar\u0131nda Ege Denizi\u2019nde meydana gelen depremler ile ilgili Ayd\u0131n \u0130l Afet ve Acil Durum M\u00fcd\u00fcrl\u00fc\u011f\u00fc\u2019nden (AFAD) a\u00e7\u0131klama yap\u0131ld\u0131. 28 Ocak tarihinden bu yana deprem f\u0131rt\u0131nas\u0131 \u015feklinde ger\u00e7ekle\u015fen depremlerin say\u0131s\u0131 400\u2019\u00fcn \u00fczerine \u00e7\u0131karken, kaydedilen en b\u00fcy\u00fck depremin 4.8 oldu\u011fu a\u00e7\u0131kland\u0131.<br \/>\n<br \/>Depremler ile ilgili \u00f6zellikle sosyal medyada olu\u015fabilecek dezenformasyonlara kar\u015f\u0131 dikkatli olunmas\u0131 \u00e7a\u011fr\u0131s\u0131nda bulunan Ayd\u0131n AFAD, konu ile ilgili yap\u0131lan a\u00e7\u0131klamada, &#8220;Ege Denizi\u2019nde, 28 Ocak 2025 tarihinden itibaren yo\u011funla\u015fmaya ba\u015flayan depremlerin say\u0131s\u0131 an itibar\u0131yla 400\u2019\u00fcn \u00fczerine \u00e7\u0131km\u0131\u015ft\u0131r. Deprem f\u0131rt\u0131nas\u0131 \u015feklinde geli\u015fen bu aktivite sonucunda \u015fu ana kadar kaydedilen en b\u00fcy\u00fck deprem 4.8 Mw b\u00fcy\u00fckl\u00fc\u011f\u00fcndedir. Depremler, Santorini Adas\u0131\u2019n\u0131n yakla\u015f\u0131k 25 km kuzeydo\u011fusunda art\u0131\u015f g\u00f6stermekte olup derinlikleri 5 &#8211; 25 km aras\u0131nda de\u011fi\u015fmektedir. \u00dclkemiz k\u0131y\u0131lar\u0131na en yak\u0131n deprem 140 km mesafede ger\u00e7ekle\u015fmi\u015ftir. 2011-2012 y\u0131llar\u0131nda da ayn\u0131 b\u00f6lgede benzer bir yo\u011fun sismik aktivite ya\u015fanm\u0131\u015f, 14 ay boyunca s\u00fcren bu aktivite herhangi bir volkanik hareketlili\u011fe yol a\u00e7mam\u0131\u015ft\u0131r. \u00dclkemizdeki bilim insanlar\u0131 ve ara\u015ft\u0131rmac\u0131lar s\u00f6z konusu sismik hareketlili\u011fi AFAD ile koordineli \u015fekilde ve farkl\u0131 a\u00e7\u0131lardan (deprem, volkanik aktivite, tsunami vb.) de\u011ferlendirmektedir. Vatanda\u015flar\u0131m\u0131z\u0131n sosyal medyada olu\u015fabilecek dezenformasyon i\u00e7erikli payla\u015f\u0131mlara itibar etmemeleri, do\u011fru bilgi i\u00e7in resm\u00ee kaynaklar\u0131 takip etmeleri rica olunur. Geli\u015fmeleri yak\u0131ndan takip ediyoruz&#8221; ifadelerini kulland\u0131.<br \/><\/p>\n","protected":false},"excerpt":{"rendered":"<p>Ege Denizi\u2019nde meydana gelen depremlerin say\u0131s\u0131n\u0131n 400\u2019\u00fcn \u00fczerine \u00e7\u0131kt\u0131\u011f\u0131n\u0131 belirten Ayd\u0131n AFAD \u0130l M\u00fcd\u00fcrl\u00fc\u011f\u00fc, sosyal medyada olu\u015fabilecek dezenformasyonlara kar\u015f\u0131 dikkatli olunmas\u0131 i\u00e7in vatanda\u015flar\u0131 uyard\u0131. Yunanistan\u2019\u0131n Santorini Adas\u0131 yak\u0131nlar\u0131nda Ege Denizi\u2019nde meydana gelen depremler ile ilgili Ayd\u0131n \u0130l Afet ve Acil Durum M\u00fcd\u00fcrl\u00fc\u011f\u00fc\u2019nden (AFAD) a\u00e7\u0131klama yap\u0131ld\u0131. 28 Ocak tarihinden bu yana deprem f\u0131rt\u0131nas\u0131 \u015feklinde ger\u00e7ekle\u015fen depremlerin&#8230;<\/p>\n","protected":false},"author":1,"featured_media":14856,"comment_status":"open","ping_status":"open","sticky":false,"template":"","format":"standard","meta":{"_crdt_document":"","footnotes":""},"categories":[1],"tags":[],"class_list":["post-14855","post","type-post","status-publish","format-standard","has-post-thumbnail","hentry","category-guncel"],"_links":{"self":[{"href":"https:\/\/www.egemtv.com\/index.php?rest_route=\/wp\/v2\/posts\/14855","targetHints":{"allow":["GET"]}}],"collection":[{"href":"https:\/\/www.egemtv.com\/index.php?rest_route=\/wp\/v2\/posts"}],"about":[{"href":"https:\/\/www.egemtv.com\/index.php?rest_route=\/wp\/v2\/types\/post"}],"author":[{"embeddable":true,"href":"https:\/\/www.egemtv.com\/index.php?rest_route=\/wp\/v2\/users\/1"}],"replies":[{"embeddable":true,"href":"https:\/\/www.egemtv.com\/index.php?rest_route=%2Fwp%2Fv2%2Fcomments&post=14855"}],"version-history":[{"count":1,"href":"https:\/\/www.egemtv.com\/index.php?rest_route=\/wp\/v2\/posts\/14855\/revisions"}],"predecessor-version":[{"id":14857,"href":"https:\/\/www.egemtv.com\/index.php?rest_route=\/wp\/v2\/posts\/14855\/revisions\/14857"}],"wp:featuredmedia":[{"embeddable":true,"href":"https:\/\/www.egemtv.com\/index.php?rest_route=\/wp\/v2\/media\/14856"}],"wp:attachment":[{"href":"https:\/\/www.egemtv.com\/index.php?rest_route=%2Fwp%2Fv2%2Fmedia&parent=14855"}],"wp:term":[{"taxonomy":"category","embeddable":true,"href":"https:\/\/www.egemtv.com\/index.php?rest_route=%2Fwp%2Fv2%2Fcategories&post=14855"},{"taxonomy":"post_tag","embeddable":true,"href":"https:\/\/www.egemtv.com\/index.php?rest_route=%2Fwp%2Fv2%2Ftags&post=14855"}],"curies":[{"name":"wp","href":"https:\/\/api.w.org\/{rel}","templated":true}]}}