{"id":14846,"date":"2025-02-03T12:07:56","date_gmt":"2025-02-03T09:07:56","guid":{"rendered":"https:\/\/www.egemtv.com\/?p=14846"},"modified":"2025-02-03T12:08:00","modified_gmt":"2025-02-03T09:08:00","slug":"otomobile-carpmamak-icin-refuje-cikti-2-yarali","status":"publish","type":"post","link":"https:\/\/www.egemtv.com\/?p=14846","title":{"rendered":"Otomobile \u00e7arpmamak i\u00e7in ref\u00fcje \u00e7\u0131kt\u0131: 2 yaral\u0131"},"content":{"rendered":"<p>Ayd\u0131n\u2019\u0131n Efeler il\u00e7esinde ticari bir ara\u00e7 s\u00fcr\u00fcc\u00fcs\u00fc \u00f6n\u00fcndeki otomobile \u00e7arpamamak i\u00e7in direksiyonu k\u0131r\u0131nca ref\u00fcje \u00e7arparken, kazada 2 ki\u015fi yaraland\u0131.<\/p>\n<p>Kaza, Efeler Mahallesi \u0130zmir Bulvar\u0131 ile \u0130smet Sezgin Bulvar\u0131 kesi\u015fiminde meydana geldi. Edinilen bilgiye g\u00f6re, \u0130zmir Bulvar\u0131 \u00fczerinde ilerleyen 09 FZ 804 plakal\u0131 ticari ara\u00e7 s\u00fcr\u00fcc\u00fcs\u00fc iddiaya g\u00f6re sanayiden aniden \u00f6n\u00fcne \u00e7\u0131kan araca \u00e7arpmamak i\u00e7in direksiyonu k\u0131rd\u0131. S\u00fcr\u00fcc\u00fcs\u00fcn\u00fcn direksiyon hakimiyetini kaybetti\u011fi ara\u00e7 ref\u00fcje \u00e7\u0131kt\u0131. Kazada ticari ara\u00e7 s\u00fcr\u00fcc\u00fcs\u00fc ve yolcu konumundaki 1 ki\u015fi yaraland\u0131. Kazay\u0131 g\u00f6renler durumu 112 Acil \u00c7a\u011fr\u0131 Merkezi\u2019ne bildirdi. \u0130hbar \u00fczerine b\u00f6lgeye sa\u011fl\u0131k ve polis ekipleri sevk edildi. K\u0131sa s\u00fcrede olay yerine gelen sa\u011fl\u0131k ekipleri yaral\u0131 s\u00fcr\u00fcc\u00fclere ilk m\u00fcdahaleyi yaparak ambulansla hastaneye kald\u0131rd\u0131. Hastanede tedavi alt\u0131na al\u0131nan yaral\u0131lar\u0131n sa\u011fl\u0131k durumlar\u0131n\u0131n iyi oldu\u011fu \u00f6\u011frenildi.<\/p>\n<p>Kazayla ilgili soru\u015fturma s\u00fcr\u00fcyor.<br \/><\/p>\n","protected":false},"excerpt":{"rendered":"<p>Ayd\u0131n\u2019\u0131n Efeler il\u00e7esinde ticari bir ara\u00e7 s\u00fcr\u00fcc\u00fcs\u00fc \u00f6n\u00fcndeki otomobile \u00e7arpamamak i\u00e7in direksiyonu k\u0131r\u0131nca ref\u00fcje \u00e7arparken, kazada 2 ki\u015fi yaraland\u0131. Kaza, Efeler Mahallesi \u0130zmir Bulvar\u0131 ile \u0130smet Sezgin Bulvar\u0131 kesi\u015fiminde meydana geldi. Edinilen bilgiye g\u00f6re, \u0130zmir Bulvar\u0131 \u00fczerinde ilerleyen 09 FZ 804 plakal\u0131 ticari ara\u00e7 s\u00fcr\u00fcc\u00fcs\u00fc iddiaya g\u00f6re sanayiden aniden \u00f6n\u00fcne \u00e7\u0131kan araca \u00e7arpmamak i\u00e7in direksiyonu&#8230;<\/p>\n","protected":false},"author":1,"featured_media":14847,"comment_status":"open","ping_status":"open","sticky":false,"template":"","format":"standard","meta":{"_crdt_document":"","footnotes":""},"categories":[1],"tags":[],"class_list":["post-14846","post","type-post","status-publish","format-standard","has-post-thumbnail","hentry","category-guncel"],"_links":{"self":[{"href":"https:\/\/www.egemtv.com\/index.php?rest_route=\/wp\/v2\/posts\/14846","targetHints":{"allow":["GET"]}}],"collection":[{"href":"https:\/\/www.egemtv.com\/index.php?rest_route=\/wp\/v2\/posts"}],"about":[{"href":"https:\/\/www.egemtv.com\/index.php?rest_route=\/wp\/v2\/types\/post"}],"author":[{"embeddable":true,"href":"https:\/\/www.egemtv.com\/index.php?rest_route=\/wp\/v2\/users\/1"}],"replies":[{"embeddable":true,"href":"https:\/\/www.egemtv.com\/index.php?rest_route=%2Fwp%2Fv2%2Fcomments&post=14846"}],"version-history":[{"count":1,"href":"https:\/\/www.egemtv.com\/index.php?rest_route=\/wp\/v2\/posts\/14846\/revisions"}],"predecessor-version":[{"id":14848,"href":"https:\/\/www.egemtv.com\/index.php?rest_route=\/wp\/v2\/posts\/14846\/revisions\/14848"}],"wp:featuredmedia":[{"embeddable":true,"href":"https:\/\/www.egemtv.com\/index.php?rest_route=\/wp\/v2\/media\/14847"}],"wp:attachment":[{"href":"https:\/\/www.egemtv.com\/index.php?rest_route=%2Fwp%2Fv2%2Fmedia&parent=14846"}],"wp:term":[{"taxonomy":"category","embeddable":true,"href":"https:\/\/www.egemtv.com\/index.php?rest_route=%2Fwp%2Fv2%2Fcategories&post=14846"},{"taxonomy":"post_tag","embeddable":true,"href":"https:\/\/www.egemtv.com\/index.php?rest_route=%2Fwp%2Fv2%2Ftags&post=14846"}],"curies":[{"name":"wp","href":"https:\/\/api.w.org\/{rel}","templated":true}]}}